{"id":5543,"date":"2012-12-25T11:48:48","date_gmt":"2012-12-25T10:48:48","guid":{"rendered":"http:\/\/www.nedsblog.de\/?p=5543"},"modified":"2013-01-01T22:30:20","modified_gmt":"2013-01-01T21:30:20","slug":"jahresruckblickstokchen-2012","status":"publish","type":"post","link":"http:\/\/www.nedsblog.de\/?p=5543","title":{"rendered":"Jahresr\u00fcckblickst\u00f6ckchen 2012"},"content":{"rendered":"<p>Jahresr\u00fcckblicke sind ja ein wesentlicher Bestandteil der Sportberichterstattung. \u00dcberall gibt es Bilderklickstrecken, Zahlenmaterial und Videos zu den Sportereignissen des Jahres 2012.<\/p>\n<p>Ich w\u00fcrde gerne wissen, wie euer Fu\u00dfballjahr war. Dabei werde ich die neue Mode aufnehmen, das Kalenderjahr zu betrachten. Woher kommt dieser Blick auf den Fu\u00dfball eigentlich, sonst denken wir doch immer nur in Saisons? Aber egal, wenn ihr Lust habt, dann beantwortet doch entweder hier in den Kommentaren oder mit einem Beitrag bei euch im Blog diese 10 Fragen (Zum leichteren Kopieren habe ich die Fragen ohne meine Antworten unten noch mal aufgef\u00fchrt):<\/p>\n<p><strong>Welches war das beste Spiel deines Vereins?<\/strong><br \/>\nDas ist leicht: zweimal Hannover. Beides waren einsnull Siege, beides waren wichtige Siege. Der erste im April war der Sieg, der den Nichtabstieg besiegelt hat. Der zweite war an unserem 125. Geburtstag. Unvergesslich und vor allem wichtige Siege.<\/p>\n<p><strong>Welches das schlechteste?<\/strong><br \/>\nDas 0:1 gegen den Glubb zum Start der neuen Saison. O!M!G!<br \/>\nWir verloren ein Spiel gegen einen Gegner, der richtig schlecht in diesem Spiel war. Das schlimme an diesem Spiel: Wir waren noch schlechter! Keine Idee was wir mit dem Ball machen wollen, es war schlimmer als das 1-5 zu Beginn des Jahres gegen den BVB. Da stand wenigstens ein Gegner auf dem Platz, der wesentlich besser als wir war.<\/p>\n<p><strong>Bester Spieler deines Vereins?<\/strong><br \/>\nMichael Mancienne hat sich sehr gut entwickelt in diesem Jahr. Vom Unsicherheitsfaktor zum stabilen Innenverteidiger. Adler will ich nicht w\u00e4hlen, weil er erst in der zweiten H\u00e4lfte des Jahres hinzugekommen ist.<\/p>\n<p><strong>Schlechtester Spieler?<\/strong><br \/>\nGojko Kacar.<br \/>\nOkay, das war gemein, er ist jetzt verletzt, aber an Gojko hat sich f\u00fcr mich der Charakter der Mannschaft im ersten Halbjahr am deutlichsten gezeigt. Schade, er versprach so viel. <\/p>\n<p><strong>Wie war(en) dein(e) Trainer?<\/strong><br \/>\nDas wichtigste in diesem Jahr war: Wir hatten nur einen!<br \/>\nDas gab es das letzte Mal 2006 mit Thomas Doll!<\/p>\n<p>Der Trainer hat sich gut entwickelt bei uns. Am Anfang hatten die Spieler ihre Schwierigkeiten mit dem System und es sah f\u00fcr mich so aus, als wenn er um jeden Preis sein System durchsetzen will. Das \u00e4nderte sich zum Ende des Jahres, es wurde variiert und vor allem wurde versucht das System um die Spieler aufzubauen. Spieler wurden Positionsfremd eingesetzt. Siehe Aogo, siehe Arslan. Bei Arslan bin ich mir nicht sicher, ob es gewollt oder gezwungen war, bei Aogo bin ich mir aber sicher, da\u00df es gewollt war.<\/p>\n<p>Ich bin sehr zufrieden mit dem Trainer in diesem Jahr. Ich hoffe aber er entwickelt sich weiter.<\/p>\n<p><strong>Hat dein Verein sich in diesem Jahr verbessert oder verschlechtert?<\/strong><br \/>\nDas Kalendjahr war schlecht. Es gab nur 5 Jahre mit weniger Siegen und vor allem haben wir in keinem Jahr weniger Tore geschossen als in diesem. Da ist noch viel Potential nach oben.<br \/>\nWir haben allerdings innerhalb des Jahres eine Verbesserung durchgemacht. Das macht Mut f\u00fcr das n\u00e4chste Jahr.<\/p>\n<p><strong>Wie zufrieden bist du mit der Jugendarbeit in diesem Jahr?<\/strong><br \/>\nUnzufrieden. Es kommt wenig aus der zweiten Mannschaft nach. Mit Son und Beister sind allerdings zwei Spieler Bestandteil der Rotation. Lam bekommt seine Chancen und Arslan hat sich sehr gut entwickelt.<\/p>\n<p>Das wir einen so geringen Durchsatz von unten haben ist aber auch klar, wurde doch erst mit Start der letzten Saison mit dem Jugendkonzept begonnen. Es wird noch viel Zeit brauchen, bis wir mehr Spieler aus der eigenen Jugend im Kader haben werden.<\/p>\n<p><strong>Wie oft warst du im Stadion?<\/strong><br \/>\nOft. Ich f\u00fchre leider keine Statistik \u00fcber meine besuchten Spiele, es sollten aber nur 4-5 gewesen sein, die ich in diesem Jahr verpasst habe. <\/p>\n<p><strong>Warst du ausw\u00e4rts unterwegs?<\/strong><br \/>\nJa. Und wie immer hat es nur in Berlin mit einem Bundesligasieg geklappt. Gegen Hertha im Januar 2:1 gewonnen und in D\u00fcsseldorf im November 0:2 verloren.<br \/>\nAber ich will im Jahr 2013 trotzdem wieder ausw\u00e4rts fahren.<\/p>\n<p><strong>Was war dein bewegenster Moment?<\/strong><br \/>\n28.04.2012<br \/>\nDavid Jarolim weint vor der Nordtrib\u00fcne und ich mit ihm. <\/p>\n<p>In diesem Sinne: <strong>Nur der HSV!<\/strong><\/p>\n<p><strong>[Update]<\/strong><br \/>\nDie erste Aufnahme des St\u00f6ckchen findet ihr hier:<br \/>\n<a href=\"http:\/\/brustring.wordpress.com\/2012\/12\/25\/jens-sucht-neds-stockchen-weihnachtsstockchen-2012\/\" target=\"_blank\">Jens sucht Neds St\u00f6ckchen<\/a><br \/>\n<a href=\"http:\/\/effzeh.com\/jahresruecklick-2012-dominik\/\" target=\"_blank\">Jahresr\u00fcckblick 2012<\/a><br \/>\n<a href=\"http:\/\/www.meinesaison.de\/jahresruckblickstockchen-2012\/\" target=\"_blank\">An der Weser wird das St\u00f6ckchen auch aufgenommen<\/a><br \/>\nBei <a href=\"http:\/\/www.sektiontwitter.de\/?p=1218\" target=\"_blank\">sektiontwitter<\/a> gibt es eine weitere Aufnahme.<br \/>\nNoch mal der effzeh, diesesmal von einem <a href=\"http:\/\/www.spox.com\/myspox\/group-blogdetail\/cceds-Jahresrueckblick-2012,186151.html\" target=\"_blank\">Spox User<\/a>.<br \/>\nEin weiteres St\u00f6ckchen, diesmal zum HSV. Von Max bei <a href=\"http:\/\/www.abenteuer-fussball.de\/?p=1428\" target=\"_blank\">Abenteuer Fu\u00dfball<\/a>.<br \/>\nBei pleitegeiger wurde das St\u00f6ckchen auch <a href=\"http:\/\/www.pleitegeiger.de\/archives\/6536\" target=\"_blank\">aufgenommen<\/a>.<br \/>\nNeverevertown blick f\u00fcr die <a href=\"http:\/\/neverevertown.tumblr.com\/post\/39226637786\/schwarzgelberjahresrueckblick\" target=\"_blank\">Schwarz-Gelben<\/a> zur\u00fcck auf 2012.<br \/>\nAuch bei <a href=\"http:\/\/www.nurdertim.de\/?p=10\" target=\"_blank\">nurdertim<\/a> (ein neuer Blog von <a href=\"http:\/\/www.twitter.com\/timbotania\" target=\"_blank\">@timbotania<\/a>) gibt es eine Aufnahme!<\/p>\n<p><small>Die Fragen zum Kopieren.<br \/>\n<strong>Welches war das beste Spiel deines Vereins?<\/strong><br \/>\n<strong>Welches das schlechteste?<\/strong><br \/>\n<strong>Bester Spieler deines Vereins?<\/strong><br \/>\n<strong>Schlechtester Spieler?<\/strong><br \/>\n<strong>Wie war(en) dein(e) Trainer?<\/strong><br \/>\n<strong>Hat dein Verein sich in diesem Jahr verbessert oder verschlechtert?<\/strong><br \/>\n<strong>Wie zufrieden bist du mit der Jugendarbeit in diesem Jahr?<\/strong><br \/>\n<strong>Wie oft warst du im Stadion?<\/strong><br \/>\n<strong>Warst du ausw\u00e4rts unterwegs?<\/strong><br \/>\n<strong>Was war dein bewegenster Moment?<\/strong><br \/>\n<\/small><\/p>\n","protected":false},"excerpt":{"rendered":"<p>Jahresr\u00fcckblicke sind ja ein wesentlicher Bestandteil der Sportberichterstattung. \u00dcberall gibt es Bilderklickstrecken, Zahlenmaterial und Videos zu den Sportereignissen des Jahres 2012. Ich w\u00fcrde gerne wissen, wie euer Fu\u00dfballjahr war. Dabei werde ich die neue Mode aufnehmen, das Kalenderjahr zu betrachten. Woher kommt dieser Blick auf den Fu\u00dfball eigentlich, sonst denken wir doch immer nur in [&hellip;]<\/p>\n","protected":false},"author":2,"featured_media":0,"comment_status":"open","ping_status":"open","sticky":false,"template":"","format":"standard","meta":{"footnotes":""},"categories":[23,4],"tags":[61,474,642,138,21,181,227,53,639,273,114],"class_list":["post-5543","post","type-post","status-publish","format-standard","hentry","category-bundesliga","category-hsv","tag-1-fc-nurnberg","tag-474","tag-bundesliga","tag-david-jarolim","tag-fortuna-dusseldorf","tag-gojko-kacar","tag-hannover-96","tag-hertha-bsc","tag-hsv","tag-michael-mancienne","tag-ruckblick"],"_links":{"self":[{"href":"http:\/\/www.nedsblog.de\/index.php?rest_route=\/wp\/v2\/posts\/5543","targetHints":{"allow":["GET"]}}],"collection":[{"href":"http:\/\/www.nedsblog.de\/index.php?rest_route=\/wp\/v2\/posts"}],"about":[{"href":"http:\/\/www.nedsblog.de\/index.php?rest_route=\/wp\/v2\/types\/post"}],"author":[{"embeddable":true,"href":"http:\/\/www.nedsblog.de\/index.php?rest_route=\/wp\/v2\/users\/2"}],"replies":[{"embeddable":true,"href":"http:\/\/www.nedsblog.de\/index.php?rest_route=%2Fwp%2Fv2%2Fcomments&post=5543"}],"version-history":[{"count":17,"href":"http:\/\/www.nedsblog.de\/index.php?rest_route=\/wp\/v2\/posts\/5543\/revisions"}],"predecessor-version":[{"id":5550,"href":"http:\/\/www.nedsblog.de\/index.php?rest_route=\/wp\/v2\/posts\/5543\/revisions\/5550"}],"wp:attachment":[{"href":"http:\/\/www.nedsblog.de\/index.php?rest_route=%2Fwp%2Fv2%2Fmedia&parent=5543"}],"wp:term":[{"taxonomy":"category","embeddable":true,"href":"http:\/\/www.nedsblog.de\/index.php?rest_route=%2Fwp%2Fv2%2Fcategories&post=5543"},{"taxonomy":"post_tag","embeddable":true,"href":"http:\/\/www.nedsblog.de\/index.php?rest_route=%2Fwp%2Fv2%2Ftags&post=5543"}],"curies":[{"name":"wp","href":"https:\/\/api.w.org\/{rel}","templated":true}]}}