{"id":5592,"date":"2013-01-16T20:17:50","date_gmt":"2013-01-16T19:17:50","guid":{"rendered":"http:\/\/www.nedsblog.de\/?p=5592"},"modified":"2013-03-03T11:52:41","modified_gmt":"2013-03-03T10:52:41","slug":"ruckrunde-bundesliga-20122013","status":"publish","type":"post","link":"http:\/\/www.nedsblog.de\/?p=5592","title":{"rendered":"R\u00fcckrunde Bundesliga 2012\/2013"},"content":{"rendered":"<p>Nur kurz ein Zwischenstand hier niedergeschrieben.<\/p>\n<p>Am Sonntag geht es gegen den Glubb im ersten Spiel der R\u00fcckrunde. Das erste Spiel in der Hinrunde ist mir noch gut in Erinnerung, war es doch eine erb\u00e4rmliche Leistung die dem Publikum im Volkspark geboten wurde. Ein kl\u00e4gliches nulleins sprang f\u00fcr uns raus und der HSV sah sich gezwungen einen neuen Spieler zu verpflichten.<\/p>\n<p>Danach dauerte es noch zwei Spiele, bis die Mannschaft sich gefunden hatte. Unsere Leistungskurve ging steil nach oben und wir erreichten den 10. Platz mit 24 Punkten. Der Glubb hingegen schaffte es &#8222;nur&#8220; auf den 14. Platz, ist aber 8 Punkte vom Relegationsplatz entfernt.<br \/>\nWir gehen also in die R\u00fcckrunde als Favorit in dieses Spiel, hat der Glubb doch eine eher bescheidene Hinrunde gespielt. Dann noch ein neuer Trainer, nicht einfach die Situation. Wie man hier bestimmt lesen konnte, hege ich Sympathie f\u00fcr den Glubb aus N\u00fcrnberg. Ich hoffe, da\u00df die R\u00fcckrunde unter diesen Umst\u00e4nden ein gutes Ende nimmt und die Liga locker gehalten werden kann. Was nicht hei\u00dfen soll, da\u00df ich im ersten Spiel nicht drei Punkte will!<br \/>\n<!--more--><br \/>\nWir gehen mit viel Selbstbewu\u00dftsein in das Spiel und ich freue mich total auf diese Halbserie. Die Winterpause wurde gut genutzt und vor allem konnten sich alle verletzten Spieler gesund zur\u00fcck melden. So hat der Trainer die Qual der Wahl, wer in der Startelf stehen wird.<\/p>\n<p>Ich denke der Trainer wird uns wieder \u00fcberraschen und mit seinem altbew\u00e4hrten 4-2-3-1 auflaufen.<br \/>\nMein Tipp f\u00fcr die Aufstellung am Sonntag:<\/p>\n<p style=\"text-align: center;\">\nAdler<br \/>\nDiekmeier &#8211; Mancienne &#8211; Westermann &#8211; Jansen<br \/>\nBadelj &#8211; Aogo<br \/>\nSon &#8211; van der Vaart &#8211; Arslan<br \/>\nRudnevs<\/p>\n<p>Was meint ihr, wie der Trainer die Mannschaft aufstellen wird?<\/p>\n<p>Der HSV war auf dem Transfermarkt nicht sehr aktiv. Lediglich zwei Spieler wurden bis jetzt von der Gehaltsliste gestrichen: Tom Mickel <a href=\"http:\/\/www.hsv.de\/teams\/meldungen\/bundesliga\/2012\/dezember\/tom-mickel-wechselt-zur-spvgg-greuther-fuerth\/\" target=\"_blank\">wechselt zu Greuther F\u00fcrth<\/a> und Robert Tesche <a href=\"http:\/\/www.hsv.de\/teams\/meldungen\/bundesliga\/2013\/januar\/hsv-verleiht-tesche-an-fortuna-duesseldorf\/\" target=\"_blank\">spielt auf Leihbasis bei Fortuna D\u00fcsseldorf<\/a>. So bleibt es also weiterhin bei dem hohem Spieleretat und das eingeplante Sparziel ist noch nicht erreicht.<\/p>\n<p>In diesem Sinne: <strong>Nur der HSV!<\/strong><\/p>\n<p>Kleine Anmerkung: Dieser Blog sollte eigentlich schon lange in neuem Gewand erscheinen, ich tue mir aber a) sehr schwer ein Theme zu finden, welches mir gef\u00e4llt und b) kann ich selber zu wenig html und css um eines selber zu erstellen. Die Anforderungen sind recht einfach: Dreispaltig, schlicht ohne schn\u00f6rkel und in den Headerinformationen zum Artikel alle wesentlichen Informationen (Tags, Kategorien, Anzahl der Kommentare). Wenn jemand einen guten Tipp hat, gerne in den Kommentaren oder in einer Email an mich bei mir melden. Danke!<\/p>\n","protected":false},"excerpt":{"rendered":"<p>Nur kurz ein Zwischenstand hier niedergeschrieben. Am Sonntag geht es gegen den Glubb im ersten Spiel der R\u00fcckrunde. Das erste Spiel in der Hinrunde ist mir noch gut in Erinnerung, war es doch eine erb\u00e4rmliche Leistung die dem Publikum im Volkspark geboten wurde. Ein kl\u00e4gliches nulleins sprang f\u00fcr uns raus und der HSV sah sich [&hellip;]<\/p>\n","protected":false},"author":2,"featured_media":0,"comment_status":"open","ping_status":"open","sticky":false,"template":"","format":"standard","meta":{"footnotes":""},"categories":[23,4],"tags":[61,642,476,639,137,398,415,124],"class_list":["post-5592","post","type-post","status-publish","format-standard","hentry","category-bundesliga","category-hsv","tag-1-fc-nurnberg","tag-bundesliga","tag-glubb","tag-hsv","tag-robert-tesche","tag-ruckrunde","tag-saison-20122013","tag-tom-mickel"],"_links":{"self":[{"href":"http:\/\/www.nedsblog.de\/index.php?rest_route=\/wp\/v2\/posts\/5592","targetHints":{"allow":["GET"]}}],"collection":[{"href":"http:\/\/www.nedsblog.de\/index.php?rest_route=\/wp\/v2\/posts"}],"about":[{"href":"http:\/\/www.nedsblog.de\/index.php?rest_route=\/wp\/v2\/types\/post"}],"author":[{"embeddable":true,"href":"http:\/\/www.nedsblog.de\/index.php?rest_route=\/wp\/v2\/users\/2"}],"replies":[{"embeddable":true,"href":"http:\/\/www.nedsblog.de\/index.php?rest_route=%2Fwp%2Fv2%2Fcomments&post=5592"}],"version-history":[{"count":5,"href":"http:\/\/www.nedsblog.de\/index.php?rest_route=\/wp\/v2\/posts\/5592\/revisions"}],"predecessor-version":[{"id":5710,"href":"http:\/\/www.nedsblog.de\/index.php?rest_route=\/wp\/v2\/posts\/5592\/revisions\/5710"}],"wp:attachment":[{"href":"http:\/\/www.nedsblog.de\/index.php?rest_route=%2Fwp%2Fv2%2Fmedia&parent=5592"}],"wp:term":[{"taxonomy":"category","embeddable":true,"href":"http:\/\/www.nedsblog.de\/index.php?rest_route=%2Fwp%2Fv2%2Fcategories&post=5592"},{"taxonomy":"post_tag","embeddable":true,"href":"http:\/\/www.nedsblog.de\/index.php?rest_route=%2Fwp%2Fv2%2Ftags&post=5592"}],"curies":[{"name":"wp","href":"https:\/\/api.w.org\/{rel}","templated":true}]}}