{"id":5625,"date":"2013-02-01T17:48:39","date_gmt":"2013-02-01T16:48:39","guid":{"rendered":"http:\/\/www.nedsblog.de\/?p=5625"},"modified":"2013-03-03T11:51:43","modified_gmt":"2013-03-03T10:51:43","slug":"ladenhuter-und-locher-im-etat-transferperiode-winter-20122013","status":"publish","type":"post","link":"http:\/\/www.nedsblog.de\/?p=5625","title":{"rendered":"Ladenh\u00fcter und L\u00f6cher im Etat. Transferperiode Winter 2012\/2013"},"content":{"rendered":"<blockquote><p>Hektik.<br \/>\nDas Telefon klingelt, w\u00e4hrend des Gespr\u00e4ches mit Berater H. Windbeutel (*), klopft gleich ein anderer Berater an. Die Spieler stecken st\u00e4ndig den Kopf in die T\u00fcr und Fragen &#8222;Chef, wo spiele ich denn morgen?&#8220;. Der Vorstand fragt auch alle 3 Minuten nach, wieviel Geld ich denn eingespart habe. Die Presse und dieser komische sog. Blogger ratz-fatz ab &#8211; oder so \u00e4hnlich &#8211; hibbelt st\u00e4ndig hinter mir her und will Neuigkeiten zum Spieler xy. Der Trainer will auch wissen, ob ich nicht noch einen St\u00fcrmer verpflichten kann. Der will eh immer alles und das gleich sofort. Geht das Faxger\u00e4t in der Gesch\u00e4ftstelle eigentlich noch?<br \/>\nHektik. Das Telefon klingelt, &#8230;\n<\/p><\/blockquote>\n<p><!--more--><br \/>\nSo, oder auch ein wenig abgewandelt, stelle ich mir die letzten Tage der Transferperiode vor. Gerade im Winter ist das glaube ich sehr stressig und hektisch, da nur eine begrenzte Zeit zur Verf\u00fcgung steht.<\/p>\n<p>Das Ergebnis unseres Sportchefs sieht so aus:<br \/>\n<strong>Soll<\/strong><br \/>\nMindestens 6 Mio. Euro durch Transfererl\u00f6se einnehmen oder beim Gehalt einsparen.<br \/>\nDen Kader nicht schw\u00e4chen, damit der Abstiegskampf weit weg von uns ist.<\/p>\n<p><strong>Haben<\/strong><br \/>\nZwei ausgeliehene Spieler (Tesche nach D\u00fcsseldorf, Scharner zu Wigan Athletic). Leihdauer: 6 Monate<br \/>\nEin verkaufter Spieler (Tom Mickel zu Greuther F\u00fcrth, abl\u00f6sefrei)<\/p>\n<p>Also haben wir quasi kein Geld eingespart. Die Gro\u00dfverdiener (namentlich Kacar, Drobny, Berg, Boban, &#8230;) sitzen weiter auf der Bank und belasten den Etat. Selbst Skjelbred, der im Sommer noch das &#8222;zu Verkaufen&#8220; Schild um den Hals trug, fand trotz seiner guten Leistungen keinen Abnehmer. Oder hat man ihn gar nicht angeboten?<\/p>\n<p>Wenn ein Spieler nicht auf Gehalt verzichten will, verstehe ich das. Ich werde auch nicht morgen einen neuen Job anfangen, wenn ich weniger Geld angeboten bekomme. Es ist aber dennoch eine Frage der Perspektive f\u00fcr einen Bank- oder Erg\u00e4nzungsspieler: Will ich lieber mehr Geld auf dem Konto haben, daf\u00fcr aber weniger Spielzeit in den Statistiken? Seht euch Robert Tesche an, kaum bei D\u00fcsseldorf, schon spielt er.<\/p>\n<p>Schauen wir uns die Vertragssituation der Spieler mal an, die meiner Meinung nach verkafut werden k\u00f6nnten:<br \/>\n\n<table id=\"wp-table-reloaded-id-11-no-1\" class=\"wp-table-reloaded wp-table-reloaded-id-11\">\n<thead>\n\t<tr class=\"row-1 odd\">\n\t\t<th class=\"column-1\">Name<\/th><th class=\"column-2\">Vertrag bis<\/th>\n\t<\/tr>\n<\/thead>\n<tbody>\n\t<tr class=\"row-2 even\">\n\t\t<td class=\"column-1\">Drobny<\/td><td class=\"column-2\">2013<\/td>\n\t<\/tr>\n\t<tr class=\"row-3 odd\">\n\t\t<td class=\"column-1\">Boban<\/td><td class=\"column-2\">2015<\/td>\n\t<\/tr>\n\t<tr class=\"row-4 even\">\n\t\t<td class=\"column-1\">Kacar<\/td><td class=\"column-2\">2015<\/td>\n\t<\/tr>\n\t<tr class=\"row-5 odd\">\n\t\t<td class=\"column-1\">Skjelbred<\/td><td class=\"column-2\">2015<\/td>\n\t<\/tr>\n\t<tr class=\"row-6 even\">\n\t\t<td class=\"column-1\">Sala<\/td><td class=\"column-2\">2014<\/td>\n\t<\/tr>\n\t<tr class=\"row-7 odd\">\n\t\t<td class=\"column-1\">Ilicevic<\/td><td class=\"column-2\">2015<\/td>\n\t<\/tr>\n\t<tr class=\"row-8 even\">\n\t\t<td class=\"column-1\">Son (?)<\/td><td class=\"column-2\">2014<\/td>\n\t<\/tr>\n\t<tr class=\"row-9 odd\">\n\t\t<td class=\"column-1\">Berg<\/td><td class=\"column-2\">2014<\/td>\n\t<\/tr>\n<\/tbody>\n<\/table>\n<\/p>\n<p>Bis auf Jaroslav Drobny enden die Vertr\u00e4ge der besagten Spieler erst nach mindestens 2 Jahren! Das Problem ist also weder aufgehoben noch aufgeschoben. Die Wiedervorlage im Sommer ist ein unausweichlicher Fakt.<\/p>\n<p><strong>Was kann man also tun?<\/strong><br \/>\nDazu mu\u00df klar sein, wie die finanzielle Situation im Sommer sein wird. Neue Einnahmen sind nicht in Sicht, das operative Ergebnis des Vereins wird also weiter negativ sein. Das w\u00e4re nicht schlimm, weil wir immer noch gen\u00fcgend Eigenkapital haben. Aber wir sind nicht handlungsf\u00e4hig, ohne weitere Schulden zu machen. Im Sommer hie\u00df es noch, da\u00df es gut w\u00e4re den Kader zu verkleinern. Im n\u00e4chsten Sommer M\u00dcSSEN wir Spieler verkaufen.<\/p>\n<p><strong>Welche sollen das sein?<\/strong><br \/>\nIch denke die Liste ist schon gut, wenn man Drobny raus nimmt. Sein Vertrag ist 2013 zu Ende und man kann ihm einen neuen Vertrag anbieten, der deutlicher weniger Gehalt beinhalten wird. Vor allem darf man nicht glauben, da\u00df sich unsere Ladenh\u00fcter gut verkaufen lassen. Das hat im Sommer und im Winter nicht geklappt, warum sollte es also in Zukunft klappen? <\/p>\n<p>Wir m\u00fcssen uns darauf einstellen, da\u00df wir Leistungstr\u00e4ger verkaufen werden. Meine Wahl viele da auf Son oder gar Manciennen (nicht schreien, aber ein englischer Innenverteidiger wird doch auf der Insel gut anzubieten sein). Ich k\u00f6nnte auch auf Rafael van der Vaart verzichten, denke aber nicht, da\u00df uns noch mal jemand viel Geld auf den Tisch legen wird. Jansen vielleicht auch? Bei Son m\u00fcssen wir in diesem Jahr bereits entscheiden: Vertrag verl\u00e4ngern oder im Sommer teuer verkaufen. Ich hoffe der Vorstand wird bei einer Verl\u00e4ngerung keine Ausstiegsklausel vereinbaren, damit wir ordentlich Asche aufs Konto bekommen, sollte er verkauft werden.<\/p>\n<p>Die Resterampe werden wir auch im Sommer nicht los werden und noch weitere 2 Jahre (viele Vertr\u00e4ge enden erst 2015) mit den Ladenh\u00fctern in eine Bundesligasaison gehen, k\u00f6nnen wir uns nicht leisten. <\/p>\n<p>Also mu\u00df verkauft werden.<\/p>\n<p>Egal wie man es dreht und wendet, ein Spielerverkauf wie anno 1991 steht uns eventuell bevor: Damals wurde ein Leistungstr\u00e4ger f\u00fcr 16 Mio DM verkauft, damit der Verein weiter \u00fcberleben kann. Abh\u00e4ngig von der finanziellen Notwendigkeit, wird es wohl im Sommer \u00e4hnliches geben. <\/p>\n<p>Ich hoffe nur weiterhin, da\u00df es nicht Milan Badelj sein wird.<\/p>\n<p>Aber eines ist klar: Je schlimmer die finanzielle Lage, desto schmerzhafter der Spielername, der verkauft werden MUSS.<\/p>\n<p>In diesem Sinne: <strong>Nur der HSV!<\/strong><br \/>\n<small>(*) Name frei erfunden<\/small><\/p>\n","protected":false},"excerpt":{"rendered":"<p>Hektik. Das Telefon klingelt, w\u00e4hrend des Gespr\u00e4ches mit Berater H. Windbeutel (*), klopft gleich ein anderer Berater an. Die Spieler stecken st\u00e4ndig den Kopf in die T\u00fcr und Fragen &#8222;Chef, wo spiele ich denn morgen?&#8220;. Der Vorstand fragt auch alle 3 Minuten nach, wieviel Geld ich denn eingespart habe. Die Presse und dieser komische sog. [&hellip;]<\/p>\n","protected":false},"author":2,"featured_media":0,"comment_status":"open","ping_status":"open","sticky":false,"template":"","format":"standard","meta":{"footnotes":""},"categories":[23,4,165],"tags":[266,181,231,326,276,167,146,426,285,441,137,321,346,478,477],"class_list":["post-5625","post","type-post","status-publish","format-standard","hentry","category-bundesliga","category-hsv","category-kader-hsv","tag-frank-arnesen","tag-gojko-kacar","tag-heung-min-son","tag-ivo-ilicevic","tag-jacopo-sala","tag-jaroslav-drobny","tag-marcus-berg","tag-paul-scharner","tag-per-skjelbred","tag-rafael-van-der-vaart","tag-robert-tesche","tag-slobodan-rajkovic","tag-thomas-doll","tag-transferperiode","tag-wintertransfer"],"_links":{"self":[{"href":"http:\/\/www.nedsblog.de\/index.php?rest_route=\/wp\/v2\/posts\/5625","targetHints":{"allow":["GET"]}}],"collection":[{"href":"http:\/\/www.nedsblog.de\/index.php?rest_route=\/wp\/v2\/posts"}],"about":[{"href":"http:\/\/www.nedsblog.de\/index.php?rest_route=\/wp\/v2\/types\/post"}],"author":[{"embeddable":true,"href":"http:\/\/www.nedsblog.de\/index.php?rest_route=\/wp\/v2\/users\/2"}],"replies":[{"embeddable":true,"href":"http:\/\/www.nedsblog.de\/index.php?rest_route=%2Fwp%2Fv2%2Fcomments&post=5625"}],"version-history":[{"count":11,"href":"http:\/\/www.nedsblog.de\/index.php?rest_route=\/wp\/v2\/posts\/5625\/revisions"}],"predecessor-version":[{"id":5707,"href":"http:\/\/www.nedsblog.de\/index.php?rest_route=\/wp\/v2\/posts\/5625\/revisions\/5707"}],"wp:attachment":[{"href":"http:\/\/www.nedsblog.de\/index.php?rest_route=%2Fwp%2Fv2%2Fmedia&parent=5625"}],"wp:term":[{"taxonomy":"category","embeddable":true,"href":"http:\/\/www.nedsblog.de\/index.php?rest_route=%2Fwp%2Fv2%2Fcategories&post=5625"},{"taxonomy":"post_tag","embeddable":true,"href":"http:\/\/www.nedsblog.de\/index.php?rest_route=%2Fwp%2Fv2%2Ftags&post=5625"}],"curies":[{"name":"wp","href":"https:\/\/api.w.org\/{rel}","templated":true}]}}