{"id":5901,"date":"2013-04-07T21:26:37","date_gmt":"2013-04-07T20:26:37","guid":{"rendered":"http:\/\/www.nedsblog.de\/?p=5901"},"modified":"2013-04-07T21:58:22","modified_gmt":"2013-04-07T20:58:22","slug":"53-021-bundesliga-saison-20122013-spieltag-28","status":"publish","type":"post","link":"http:\/\/www.nedsblog.de\/?p=5901","title":{"rendered":"53 021! Bundesliga Saison 2012\/2013, Spieltag 28."},"content":{"rendered":"<h2>Wie war&#8217;s?<\/h2>\n<p>K\u00f6nnte heute etwas l\u00e4nger werden, also macht es euch schon mal gem\u00fctlich.<br \/>\n<!--more--><br \/>\n53 021 Menschen fanden sich am Samstag im Volkspark ein, um den HSV spielen zu sehen. 53 021 Zuschauer haben dem HSV trotz der letzten beiden Niederlagen (nicht vergessen, wir haben das letzte Heimspiel nullzueins gegen Augsburg verloren) ein Vorschu\u00dfkredit gegeben. Und das Stadion war echt voll, morgens habe ich noch zu der Liebsten gesagt, da\u00df wir froh sein k\u00f6nnen, wenn 48 000 Menschen heute kommen.<\/p>\n<p>53 021 Zuschauer!<br \/>\n<a href=\"http:\/\/www.nedsblog.de\/wp-content\/uploads\/2013\/04\/2013-04-06-18.33.33.jpg\"><img decoding=\"async\" src=\"http:\/\/www.nedsblog.de\/wp-content\/uploads\/2013\/04\/2013-04-06-18.33.33.jpg\" alt=\"Panorama\" width=\"600\" class=\"alignnone size-full wp-image-5905\" srcset=\"http:\/\/www.nedsblog.de\/wp-content\/uploads\/2013\/04\/2013-04-06-18.33.33.jpg 4400w, http:\/\/www.nedsblog.de\/wp-content\/uploads\/2013\/04\/2013-04-06-18.33.33-300x65.jpg 300w, http:\/\/www.nedsblog.de\/wp-content\/uploads\/2013\/04\/2013-04-06-18.33.33-1024x223.jpg 1024w\" sizes=\"(max-width: 4400px) 100vw, 4400px\" \/><\/a><\/p>\n<p>Und in den 68 Minuten vor dem nulleins hat dieses Stadion hinter der Mannschaft gestanden. Es wurde gepfiffen, klar, das ist halt der Volkspark und das wird es wohl leider immer geben, aber bis auf diese Ausnahme gab es viel Support und Anfeurung.<\/p>\n<p>Bevor ich gleich vom Leder lasse m\u00f6chte ich noch den SC Freiburg loben: Mit wie wenig Aufwand im Pressing sie unser Spiel komplett zu nichte gemacht haben war richtig gut! 90 Minuten an diese Taktik halten kann nicht jeder, der Trainer hat genau gewu\u00dft, wie er uns den Zahn zieht (Okay, das ist auch leicht im Moment, aber es gab schon Mannschaften, die haben das nicht so hinbekommen). Wir haben also einen verdienten Sieger gesehen!<\/p>\n<p>Den 53 021 Zuschauer wurde also von einer Seite eine taktisch klug auf- und eingestellte Mannschaft pr\u00e4sentiert. Auf der anderen Seite waren wir: \u00c4ngstlich, ohne Plan, ohne Idee und ohne Lust am Fu\u00dfballspielen. <\/p>\n<p>Nach einer epischen Niederlage geht man nicht mit breiten Schultern auf das Feld, aber wenn die Zuschauer auf deiner Seite sind, dann mu\u00df ich doch als Spieler versuchen alles zu geben? Warum tut das keiner? Zum ersten Mal habe ich Ren\u00e9 Adler als F\u00e4ustel gesehen, als er Mancienne nach einem Konter zur Sau gemacht hat. So weit ist es also schon: Der ruhige und besonnene Adler mu\u00df zu Mitteln greifen, die so gar nicht zu ihm passen. Der war echt bedient. <\/p>\n<p>4-4-2 war unser System, aber nur auf dem Papier. Im Angriff orientierten sich die Au\u00dfenverteidiger wieder nach vorne und Arslan oder van der Vaart lie\u00dfen sich nach hinten fallen um den Innenverteidigern beim Aufbau zu helfen. Toller Plan, gute Idee. Leider fehlte es in der Umsetzung. Die offensiven Spieler des SCF wu\u00dften nat\u00fcrlich davon und gingen unsere Innenverteidiger sofort an. Und nicht so ein Alibipressing wie wir es gemacht haben, sondern immer aggresiv drauf.<\/p>\n<p>53 021 Zuschauer auf den R\u00e4ngen haben das auch gemerkt, nur auf dem Platz und auf der Trainerbank niemand.<\/p>\n<p>Es gab also eine Taktik, der Gegner hat diese schnell durchschaut, warum in aller Welt reagiert dann keiner? Es wurde einfach so weiter gemacht. Die ganzen 90 Minuten! Immer wieder die gleiche Masche! Warum reagiert keiner und stellt um? Befreit die Innenverteidiger von ihrer Rolle, die sie offensichtlich nicht ausf\u00fcllen k\u00f6nnen? Stellt um, damit das Spiel nach vorne besser klappt? <\/p>\n<p>Wir haben jetzt 28 Spiele in der Bundesliga gemacht und k\u00f6nnen nicht taktisch auf einen Gegner reagieren? Was machen wir denn im Training? Studieren wir den Gegner? Boah, ich war so verzweifelt, als ich die Spieler st\u00e4ndig kl\u00e4glich scheitern gesehen habe. Der Trainer mu\u00df doch von au\u00dfen dann einwirken. Sein Plan bestand dann in der 68 Minute Gojko Kacar zu bringen. Ein Spieler, der schon lange ausgemustert ist und eigentlich gar nicht f\u00fcr uns spielen soll. Jiracek hat genau welchen Platz bei uns? Auf der Bank?<\/p>\n<p>3 Spiele haben wir nun hintereinander verloren. Eine Serie, die wir vom 1. bis 3. Spieltag auch schon hatten. Danach reagiert der Vorstand mit dem Kauf von van der Vaart und Jiracek (also so um und bei). Wie reagiert der Vorstand dann jetzt?<\/p>\n<p>Eine Entwicklung der Mannschaft und einzelner Spieler kann ich nicht sehen. Woran liegt das? Es kann da nur zwei Antworten geben: Am Trainer! An den Spielern! (Wie ihr sehen k\u00f6nnt, ich wei\u00df es auch nicht!)<\/p>\n<p>Betrachten wir mal die Siege, die wir eingefahren haben, sehen wir, da\u00df es nicht an unser \u00fcberlegen Taktik lag, sondern oft an besonderen, genialen Momenten einzelner Spieler. Wir haben also Spieler im Kader, die den Unterschied machen k\u00f6nnen. Warum passiert das denn nicht immer? Warum werden die Spieler nicht ihren Qualit\u00e4ten entsprechend eingesetzt? Der Trainer ist also Schuld!<\/p>\n<p>Andererseits scheinen die Spieler nicht so gut zu sein, das System des Trainers umzusetzen. Der hat eine Idee, die er in Basel gut umsetzen konnte, ist dort Meister geworden und hat in der Champions League f\u00fcr Furore gesorgt! Die Spieler sind also Schuld!<\/p>\n<p>Ich glaube so einfach ist es nicht. Der Verein ist seit dem Weggang von Bernd Hoffmann und Dietmar Beiersdorfer nicht in der Lage eine Richtung vorzugeben. Da wird gespart bis wir fast absteigen um dann im n\u00e4chsten Jahr Geld rauszupulvern, was wir nicht haben. Es wird von Nachwuchs- und Jugendf\u00f6rderung gesprochen aber es sitzt kein Jugendspieler auf der Bank und die zweite Mannschaft verliert obwohl <a href=\"http:\/\/ergebnisdienst.fussball.de\/bsv-sw-rehden-hamburger-sv-ii\/begegnungen\/regionalliga-nord\/deutschland-mit-regionen\/regionalligen\/herren\/spieljahr1213\/deutscher-fussball-bund\/M89S1213W890054B01DSP4GKL4000000VV0AG812VS2KTNCU\" target=\"_blank\">5 Profis<\/a> mitspielen. <\/p>\n<p>Die alles entscheidende, und nicht beantwortete Frage, ist: Wof\u00fcr steht der HSV, will der HSV stehen? Kurzfristig haben wir nichts zu bef\u00fcrchten, da wir diese Saison nicht absteigen werden. Mittelfristig m\u00fcssen wir uns f\u00fcr einen Weg entscheiden, denn so geht es definitiv nicht weiter. Was wollen wir langfristig aufbauen, um erfolgreich Fu\u00dfball zu spielen?<\/p>\n<p>N\u00e4chsten Samstag geht es gegen Mainz. Das wird eine schwierige Aufgabe werden, ich hoffe Mannschaft, Trainer und Vorstand bekommen es hin, diese zu l\u00f6sen. Ich will nicht mehr an den Europapokal denken, weil ich nicht glaube, da\u00df wir jetzt noch eine Serie starten k\u00f6nnen, die uns berechtigt daran teil zu nehmen.<\/p>\n<p><strong>Tor<\/strong><\/p>\n<p>Ohne Fehl und Tadel. Wieder die \u00e4rmste Sau auf dem Platz.<\/p>\n<p><strong>Abwehr<\/strong><\/p>\n<p>Au\u00dfenverteidiger, wir brauchen Au\u00dfenverteidiger! Einer joggt nur zur\u00fcck in die Defensive, der andere kann vorne gut wirbeln, aber das Tor f\u00e4llt \u00fcber seine Seite.<\/p>\n<p>Westermann hat unter der Woche davon gesprochen, da\u00df er die Kapit\u00e4nsbinde abgeben will, weil keiner auf ihn h\u00f6rt? Okay, das ist \u00fcbertrieben, aber so \u00e4hnlich geisterte es durch die Medien.<\/p>\n<p>Dann sollten wir den Herrn Westermann befreien, was uns dann auch die M\u00f6glichkeit geben w\u00fcrde ihn mal auf der Bank Platz nehmen zu lassen. Er wird nie ein Spieler werden, der unser Spiel von hinten aufbaut. Also ist es doch besser, ihn von diesen Aufgaben zu befreien. Ich habe da volles Vertrauen in Mancienne und Boban, die k\u00f6nnten das bestimmt auch so gut.<\/p>\n<p>Westermann ist ein K\u00e4mpfer und gibt in der Defensive immer alles. Punkt. Daran wird sich auch nichts \u00e4ndern. Also gibt es doch nur zwei M\u00f6glichkeiten f\u00fcr ihn: Er nimmt auf der Bank platz oder es wird so umgestellt, da\u00df er nie nie nie wieder den Ball nach vorne tragen mu\u00df.<\/p>\n<p>Mancienne gab leider auch keine gute Figur ab, seine Schuld am Tor ist nicht zu leugnen. Es darf ihm aber zugestanden werden, weil er lange verletzt war. Ich m\u00f6chte ihn bitte weiter auf dem Platz sehen.<\/p>\n<p><strong>Mittelfeld<\/strong><\/p>\n<p>Defensiv war Arslan am Werk, offensiv van der Vaart, unterst\u00fctzt von Aogo und Skjelbred. Die beiden zuletzt genannten haben ein ordentliches Spiel gemacht. Skjelbred war \u00fcberall zu finden, ist aber offensiv nicht so stark. Da versuchte Diekmeier die L\u00fccken zu schlie\u00dfen, das Zusammenspiel klappt aber zu h\u00e4ufig \u00fcberhaupt nicht. Selbst wenn Son mal nach au\u00dfen ger\u00fcckt ist, wurde wenig von rechts offensiv gestaltet.<br \/>\nLinks sah es mit Aogo anders aus. Etwas besser jedenfalls, hatte Dennis auch selber eine gro\u00dfe Chance ein Tor zu schie\u00dfen.<\/p>\n<p>Unser bester Spieler auf dem Platz tauchte (mal wieder) unter. Er ist leider nicht (mehr?) in der Lage ein Spiel zu f\u00fchren und die Mannschaft mitzurei\u00dfen. Ja, er ist die meisten KM gelaufen. Aber er ist nur 9 mal gesprintet! NEUN MAL! Das ist l\u00e4cherlich und v\u00f6llig indiskutabel!<\/p>\n<p><strong>Sturm<\/strong><\/p>\n<p>Son wollte es wissen, 6 mal scho\u00df er aufs Tor. Einmal h\u00e4tte er auch den Ausgleich machen m\u00fcssen, aber das pa\u00dft halt alles im Moment nicht.<br \/>\nRudi h\u00e4tte mal eine Pause verdient, nicht weil er schlecht ist, sondern weil er immer spielt. Leider fehlen uns die Alternativen.<\/p>\n<p><strong>Taktik<\/strong><\/p>\n<p>4-4-2 in der Fink&#8217;schen Interpretation: Hohe Au\u00dfenverteidiger und abkippender 6er. Einfach zu verteidigen, einfach zu durchschauen. Aber: Es kann \u00fcberraschend sein, wenn der Gegner es nicht 90 Minuten lang im Tempo einer Schnecke vorgef\u00fchrt bekommt.<\/p>\n<p>Das sieht alles nicht gut aus und ich frage mich weiterhin, liegt es am Trainer oder an den Spielern.<\/p>\n<p><strong>Einwechslungen<\/strong><\/p>\n<p>Zu kritisieren sind hier Zeitpunkt und Namen: Erst in der 68 Minute reagieren ist zu sp\u00e4t! Gojko Kacar einzuwechseln ist das absolut falsche Zeichen. Er soll gehen, mit ihm wird nicht mehr geplant. Dann soll er also ein Spiel rum rei\u00dfen? Im ernst? Gojko Kacar soll uns retten?<br \/>\nBadelj zu bringen war nicht verkehrt, aber auch viel zu sp\u00e4t!<br \/>\nRajkovic. Unfassbar.<\/p>\n<p>Planlos in allen belangen.<\/p>\n<p><strong>Spieler des Spiels:<\/strong><\/p>\n<p>Skjelbred und Aogo gefielen mir vom Einsatz recht gut.<br \/>\nRene Adler hat aber all unsere Liebe verdient und es war schon wieder ein Spiel, nach dem man ihn einfach nur umarmen will!<\/p>\n<p><strong>P\u00f6bler des Spiels:<\/strong><\/p>\n<p>Wir haben es schon zu oft gesehen: Jansen joggt zur\u00fcck in die Defensive. UNFASSBAR! Sowas habe ich einfach zu oft gesehen, es verf\u00fchrt aber immer wieder zum p\u00f6beln!<\/p>\n<h2>Was sagt die Statistik?<\/h2>\n<p><iframe width='500' height='380' frameborder='0' src='https:\/\/docs.google.com\/spreadsheet\/pub?key=0Av4ETf833YNgdFU5SmdQa3VFMWlZV3VJbjNlcVVYMGc&#038;single=true&#038;gid=28&#038;range=A1%3AS22&#038;output=html'><\/iframe><br \/>\n<small><small>2K\u00e4mpfe gew-Zweik\u00e4mpfe gewonnen; ges-Gesamt; %-Prozent gewonnen (Beim Torwart: Torsch\u00fcsse geh-Torsch\u00fcsse gehalten; ges-gesamt; %-Prozent gehalten), BK-Ballkontakte, TS-Torsch\u00fcsse (Beim Torwart AF-abgefangene Flanken), P\u00e4sse a-P\u00e4sse angekommen; g-gespielt; %-Prozent angekommen, FL-Flanken, TSV-Torschussvorlagen, Tor-Tore, TVO-Torvorlagen, LF-Laufleistung in km, Sp-Sprints >-raus, < -rein, Min-Minuten, OF-Offensivfaktor; Quelle: <a href=\"http:\/\/www.bundesliga.de\">bundesliga.de<\/a> f\u00fcr die Offensiven Daten (TS, TSV, Tor; TVO) und <a href=\"http:\/\/www.sky.de\" target=\"_blank\">sky.de<\/a> f\u00fcr den Rest<\/small><\/small><\/p>\n<h2>Was ich gelesen habe?<\/h2>\n<p>Im Fu\u00dfballzimmer mahnt man, da\u00df die richtigen <a href=\"http:\/\/www.fussballzimmer.de\/2013\/04\/06\/die-richtigen-lehren-ziehen\/\" target=\"_blank\">Lehren<\/a> gezogen werden m\u00fcssen.<br \/>\nBei Tim wird erst die <a href=\"http:\/\/www.nurdertim.de\/?p=530\" target=\"_blank\">K-<\/a> und dann die <a href=\"http:\/\/www.nurdertim.de\/?p=564\" target=\"_blank\">C-Frage<\/a> gestellt.<br \/>\nPleitegeiger sagt <a href=\"http:\/\/www.pleitegeiger.de\/archives\/6606\" target=\"_blank\">Jetzt!Erst!Recht!<\/a> und meint auch, da\u00df die Spieler vor dem Spieler gen\u00fcgend Eier haben m\u00fc\u00dften.<\/p>\n<h2>Leihspielercheck<\/h2>\n<p>Hier ein kurzer Blick auf die verliehenen Spieler.<br \/>\n<em>Hakan Calhanoglu<\/em>, KSC<br \/>\n90 Minuten gespielt, diesmal ohne Tor oder Vorlage. SPN 1 (Skjelbred raus, Hakan rein, w\u00e4re eine tolle Einwechslung gegen Freiburg gewesen)<br \/>\n<em>Robert Tesche<\/em>, Fortuna D\u00fcsseldorf<br \/>\n64 Minuten, macht SPN 3. (W\u00e4re wohl gegen Freiburg als erstes eingewechselt worden, als offensivst\u00e4rkster Mittelfeldspieler)<br \/>\n<em>Paul Scharner<\/em>, Wigan Athletic<br \/>\nGegen QPR 90 Minuten gespielt. SPN 1. (Und ehrlich, einen Arbeiter wie ihn h\u00e4tte ich jetzt gerne bei uns auf dem Platz)<\/p>\n<h2>Was war sonst noch &#8230;?<\/h2>\n<p>Sch\u00f6ner Sonnenuntergang und ein Abendrot. Man hat ja im Moment sonst nichts.<br \/>\n<a href=\"http:\/\/www.nedsblog.de\/wp-content\/uploads\/2013\/04\/2013-04-06-20.30.57.jpg\"><img decoding=\"async\" src=\"http:\/\/www.nedsblog.de\/wp-content\/uploads\/2013\/04\/2013-04-06-20.30.57.jpg\" alt=\"Abendrot\" width=\"600\" class=\"alignnone size-full wp-image-5902\" srcset=\"http:\/\/www.nedsblog.de\/wp-content\/uploads\/2013\/04\/2013-04-06-20.30.57.jpg 3264w, http:\/\/www.nedsblog.de\/wp-content\/uploads\/2013\/04\/2013-04-06-20.30.57-300x225.jpg 300w, http:\/\/www.nedsblog.de\/wp-content\/uploads\/2013\/04\/2013-04-06-20.30.57-1024x768.jpg 1024w\" sizes=\"(max-width: 3264px) 100vw, 3264px\" \/><\/a>\n<\/p>\n<p>Samstag ist Stadtteilderby! Da werde ich also im Volkspark sein!<\/p>\n<p>In diesem Sinne: <strong>Nur der HSV!<\/strong><\/p>\n<p style=\"font-size: x-small\">\n","protected":false},"excerpt":{"rendered":"<p>Wie war&#8217;s? K\u00f6nnte heute etwas l\u00e4nger werden, also macht es euch schon mal gem\u00fctlich.<\/p>\n","protected":false},"author":2,"featured_media":0,"comment_status":"open","ping_status":"open","sticky":false,"template":"","format":"standard","meta":{"footnotes":""},"categories":[23,4],"tags":[642,639,416,415,232],"class_list":["post-5901","post","type-post","status-publish","format-standard","hentry","category-bundesliga","category-hsv","tag-bundesliga","tag-hsv","tag-rene-adler","tag-saison-20122013","tag-sc-freiburg"],"_links":{"self":[{"href":"http:\/\/www.nedsblog.de\/index.php?rest_route=\/wp\/v2\/posts\/5901","targetHints":{"allow":["GET"]}}],"collection":[{"href":"http:\/\/www.nedsblog.de\/index.php?rest_route=\/wp\/v2\/posts"}],"about":[{"href":"http:\/\/www.nedsblog.de\/index.php?rest_route=\/wp\/v2\/types\/post"}],"author":[{"embeddable":true,"href":"http:\/\/www.nedsblog.de\/index.php?rest_route=\/wp\/v2\/users\/2"}],"replies":[{"embeddable":true,"href":"http:\/\/www.nedsblog.de\/index.php?rest_route=%2Fwp%2Fv2%2Fcomments&post=5901"}],"version-history":[{"count":10,"href":"http:\/\/www.nedsblog.de\/index.php?rest_route=\/wp\/v2\/posts\/5901\/revisions"}],"predecessor-version":[{"id":5913,"href":"http:\/\/www.nedsblog.de\/index.php?rest_route=\/wp\/v2\/posts\/5901\/revisions\/5913"}],"wp:attachment":[{"href":"http:\/\/www.nedsblog.de\/index.php?rest_route=%2Fwp%2Fv2%2Fmedia&parent=5901"}],"wp:term":[{"taxonomy":"category","embeddable":true,"href":"http:\/\/www.nedsblog.de\/index.php?rest_route=%2Fwp%2Fv2%2Fcategories&post=5901"},{"taxonomy":"post_tag","embeddable":true,"href":"http:\/\/www.nedsblog.de\/index.php?rest_route=%2Fwp%2Fv2%2Ftags&post=5901"}],"curies":[{"name":"wp","href":"https:\/\/api.w.org\/{rel}","templated":true}]}}