{"id":5946,"date":"2013-04-14T20:58:39","date_gmt":"2013-04-14T19:58:39","guid":{"rendered":"http:\/\/www.nedsblog.de\/?p=5946"},"modified":"2013-04-14T20:58:39","modified_gmt":"2013-04-14T19:58:39","slug":"serie-gestoppt-bundesliga-20122013-spieltag-29","status":"publish","type":"post","link":"http:\/\/www.nedsblog.de\/?p=5946","title":{"rendered":"Serie gestoppt. Bundesliga 2012\/2013, Spieltag 29."},"content":{"rendered":"<h2>Wie war&#8217;s?<\/h2>\n<p>Nach drei Niederlagen in Folge wurde endlich wieder ein Spiel gewonnen. Es war sogar verdient, hatten wir Mainz doch recht gut im Griff.<br \/>\n<!--more--><br \/>\nDer Trainer wechselte ein paar Spieler aus, Jiracek bekam endlich mal sein Startelfeinsatz und Rudnevs durfte eine Pause machen.<\/p>\n<p>Richtig gef\u00e4hrlich war es f\u00fcr uns in der ersten Halbzeit bei dem Lattentreffer und anschlie\u00dfender Megaparade von Adler gegen M\u00fcller. Wir k\u00f6nnen es nicht verhindern, da\u00df der Gegner Chancen bekommt, mir w\u00e4re es aber lieber, wenn die nicht immer so Herzinfarkt gef\u00e4hrdend ist. <\/p>\n<p>Bis auf diese Situation und das Gegentor war es ein Spiel in dem der Gegner zwar mehr Ballbesitz hatte, wir durch unser diesmal kompakt stehendes Mittelfeld aber nicht viel zugelassen haben. Wir haben auch versucht Mainz das Spiel machen zu lassen, um selber nicht in Konter zu laufen. Sicherheit ging diesmal vor, eine Idee, die der Mannschaft Stabilit\u00e4t brachte. <\/p>\n<p>Dadurch, da\u00df wir nicht so h\u00e4ufig den Ball hatten, kamen unsere Innenverteidiger beim Aufbau des Spiels nicht so h\u00e4ufig unter Druck. Das hat uns in den letzten Spielen oft das Genick gebrochen. Auch fand ich es gut, da\u00df wir zwar ein Gegenpressing aufgebaut haben, dies aber nicht so hoch und tief in der H\u00e4lfte des Gegners. Das war aber wohl auch der Aufstellung von Son geschuldet, weil er nicht so aggressiv den ballf\u00fchrenden Spieler anpresst, sondern eher locker trabt. Entweder war das also Plan des Trainers oder die Mannschaft war so schlau, dies im Spiel eingem\u00e4chtig so zu spielen.<\/p>\n<p>Das Einsnull war allerdings einem hohem Anlaufen des Gegners entsprungen. Ich bin mir immer noch nicht sicher, ob der Zweikampf von Badelj ein Foul war, er geht schon sehr hart und gef\u00e4hrlich in den Zweikampf, trifft allerdings den Gegner nicht. Vielleicht wird diese Szene ja beim Schiedsrichterpodcast <a href=\"http:\/\/fokus-fussball.de\/category\/collinaserben\/\" target=\"_blank\">Collinas Erben<\/a> besprochen, ich hatte die entsprechende Frage gestellt. van der Vaart macht dann das, wof\u00fcr er mal gekauft wurde, spielt schnell in den Lauf von Son, der das Tor dann hervorrangend abschlie\u00dft. <\/p>\n<p>Beim zweinull war dann eher eine Einzelleistung, aber das sind wir ja gewohnt. Einzelleistungen sind notwendig und toll, sollten aber nicht die Basis unseres Spiels sein. Ich w\u00fcnsche mir dann eher geplante Spielz\u00fcge und eine Idee, wie wir ein Spiel gewinnen wollen. Aber ich habe ja auch keine Ahnung von Fu\u00dfball.<\/p>\n<p>Verr\u00fcckt ist, da\u00df wir trotz 3 Niederlagen in den letzten 4 Spielen, trotz desolater Leistungen auf dem Platz weiterhin nur einen Punkt(!!!) von einem Europa League Platz entfernt. Das kann befl\u00fcgeln, das kann aber auch verkrampfen.<\/p>\n<p>Ich h\u00e4tte mir gew\u00fcnscht, wenn Ziele in der Vereinsf\u00fchrung vor der Saison deutlich kommuniziert worden w\u00e4ren und dann bei erreichen angepa\u00dft. Ich traue leider im Moment keinem der verantwortlichen Personen aus Vorstand oder Trainerstab zu, da\u00df nach Au\u00dfen eine andere Kommunikation statt findet, als nach Innen. Also wird das Hickhack auch der Mannschaft gegen\u00fcber auf der Tagesordnung stehen. Die einen wollen aus finanziellen Gr\u00fcnden in den internationalen Wettbewerb, die anderen trotz derber Niederlagen das Ziel (?) nicht aus den Augen verlieren und der Trainer will gar nicht davon reden.<\/p>\n<p>Dieses Hickhack f\u00fchrt meiner Meinung nach zur Verunsicherung in der Mannschaft, die zur fehlenden Konstanz f\u00fchrt. Vor der Saison fand ich die Aussage von Arnesen, da\u00df wir 45 Punkte holen wollen, sehr gut und realistisch. Das ist ein erreichbares Ziel, was ein Fortschritt zur letzten Saison bedeutet. Danach h\u00e4tte man ja weiter sehen k\u00f6nnen.<\/p>\n<p>Drei Punkte am Samstag und wir sind den 45 Punkten ein weiteren Schritt n\u00e4her. Das ist doch ein tolles Ziel!<\/p>\n<p><strong>Tor<\/strong><\/p>\n<p>Beim Gegentor machtlos, davor grandios!<\/p>\n<p><strong>Abwehr<\/strong><\/p>\n<p>Etwas stabiler, ich denke es lag am kompakteren Mittelfeld. Ohne Gegentor geht wohl noch nicht.<\/p>\n<p><strong>Mittelfeld<\/strong><\/p>\n<p>Jiracek endlich mal in der Startelf, er wirkte aber so gar nicht integriert. Ich hoffe das er weitere Chancen erh\u00e4lt, aber der Trainer wechselt ja in letzter Zeit gerne sehr viel durch. Will er so sehen, wer Gras frisst?<br \/>\nvan der Vaart etwas befreiter in seinem Spiel, weil er sich nicht st\u00e4ndig die B\u00e4lle von hinten holen mu\u00dfte. Das fordere ich schon lange, gegen Mainz habe ich ihn das erste Mal richtig eingesetzt gesehen. Und nein, das liegt nicht an der Kapit\u00e4nsbinde!<br \/>\nDas defensive Mittelfeld half gut aus, das k\u00f6nnte ja mal ein Duo sein, welches mehr Spielzeit bekommt. Per Skjelbred wie immer sehr engagiert.<\/p>\n<p><strong>Sturm<\/strong><\/p>\n<p>Ivica Olic &#038; Mladen Petric sind die letzten beiden St\u00fcrmer, die jeweils 10 oder mehr Tore in einer Saison f\u00fcr den HSV geschossen haben. Das war in der Saison 2008\/2009. Son hat jetzt 11 Tore, Rudi auch. Damit sind die beiden jetzt schon so gut, wie das Sturmduo in 2008\/2009.<\/p>\n<p>Son machte ein gutes Spiel, war viel unterwegs, scho\u00df zwei Tore. Trotzdem habe ich noch was zu meckern, dazu unten mehr.<\/p>\n<p><strong>Taktik<\/strong><\/p>\n<p>4-2-3-1 ist vielleicht der Weg zur Stabilit\u00e4t? In diesem Spiel sah es gut aus, wir m\u00fcssen es nur hinbekommen, konstant stabil zu stehen.<br \/>\nEin ein St\u00fcrmer System steht und f\u00e4llt aber mit der Form des St\u00fcrmers an dem Tag. Da mu\u00df der Trainer aufpassen, gerade Son geht mir zu oft mit dem Kopf durch die Wand, ohne da\u00df er den Ball mit nimmt. Rudnevs hatte eine Pause verdient und n\u00f6tig, es ist seine erste Bundesligasaison. Ich hoffe der Trainer wird die Form der St\u00fcrmer genau beobachten und notfalls fr\u00fchzeitig wechseln, wenn wir nur mit einem St\u00fcrmer spielen.<\/p>\n<p><strong>Einwechslungen<\/strong><\/p>\n<p>Zu sp\u00e4t. Aogo h\u00e4tte schon fr\u00fcher kommen k\u00f6nnen, Rinc\u00f3n ebenfalls. Aber es wird wohl noch lange dauern, bis der Trainer mal taktisch klug wechselt.<\/p>\n<p><strong>Spieler des Spiels:<\/strong><\/p>\n<p>Per Skjelbred, er gefiel mir richtig gut. War eifrig unterwegs und versuchte auch nach vorne mehr. Klar, Son hat zwei Tore geschossen, das geh\u00f6rt gew\u00fcrdigt, aber Per gefiel mir einfach besser und das ist immerhin mein Blog.<\/p>\n<p><strong>P\u00f6bler des Spiels:<\/strong><\/p>\n<p>Der Torwart ist bei uns im Strafraum, wir bekommen den Ball und dann sowas? Son ist da einfach nicht klug genug, verdaddelt es wie so h\u00e4ufig. Damit h\u00e4tte er alles sicher und klar machen k\u00f6nnen. Ich habe auch das Gef\u00fchl, er lernt es einfach nicht! Wann hat er zum Beispiel mal einen intensiven Zweikampf gef\u00fchrt?<\/p>\n<h2>Was sagt die Statistik?<\/h2>\n<p><iframe width='500' height='380' frameborder='0' src='https:\/\/docs.google.com\/spreadsheet\/pub?key=0Av4ETf833YNgdFU5SmdQa3VFMWlZV3VJbjNlcVVYMGc&#038;single=true&#038;gid=29&#038;range=A1%3AS22&#038;output=html'><\/iframe><br \/>\n<small><small>2K\u00e4mpfe gew-Zweik\u00e4mpfe gewonnen; ges-Gesamt; %-Prozent gewonnen (Beim Torwart: Torsch\u00fcsse geh-Torsch\u00fcsse gehalten; ges-gesamt; %-Prozent gehalten), BK-Ballkontakte, TS-Torsch\u00fcsse (Beim Torwart AF-abgefangene Flanken), P\u00e4sse a-P\u00e4sse angekommen; g-gespielt; %-Prozent angekommen, FL-Flanken, TSV-Torschussvorlagen, Tor-Tore, TVO-Torvorlagen, LF-Laufleistung in km, Sp-Sprints >-raus, < -rein, Min-Minuten, OF-Offensivfaktor; Quelle: <a href=\"http:\/\/www.bundesliga.de\">bundesliga.de<\/a> f\u00fcr die Offensiven Daten (TS, TSV, Tor; TVO) und <a href=\"http:\/\/www.sky.de\" target=\"_blank\">sky.de<\/a> f\u00fcr den Rest<\/small><\/small><\/p>\n<h2>Was ich gelesen habe?<\/h2>\n<p>Im Brennerpass wird der HSV als <a href=\"http:\/\/burnster.de\/2013\/04\/14\/brennerpass-bundesliga-2012-2013-29\/\" target=\"_blank\">&#8222;Eine Art Wolfsburg mit sch\u00f6ner Stadt&#8220;<\/a> geschrieben. Warum? Wolfsburg kann man in keinster Weise mit Hamburg vergleichen, auch nicht umgekehrt. Die angesprochene erfolgreiche Vergangenheit haben auch andere Vereine (Gladbach, K\u00f6ln) sind die dann auch wie Wolfsburg? Verstehe den Vergleich nicht.<\/p>\n<p>Das Fazit bei <a href=\"http:\/\/spielverlagerung.de\/2013\/04\/13\/fsv-mainz-05-hamburger-sv-12\/\" target=\"_blank\">spielverlagerung.de<\/a> finde ich sehr treffend.<br \/>\nWir haben drei Probleme: <\/p>\n<ul>\n<li>sehr fl\u00fcgellastiges Spiel, obwohl beide Fl\u00fcgelspieler ausser Form sind<\/li>\n<li>Der Trainer findet kein Systemplatz f\u00fcr van der Vaart<\/li>\n<li>Der Spielaufbau ist nicht vorhanden bzw. wir tun uns sehr schwer damit.<\/li>\n<\/ul>\n<p>Der letzte Punkt liegt wohl auch an den Punkten eins und zwei.\n <\/p>\n<h2>Leihspielercheck<\/h2>\n<p>Hier ein kurzer Blick auf die verliehenen Spieler.<br \/>\n<em>Hakan Calhanoglu<\/em>, KSC<br \/>\nNicht im Kader am Wochenende, er war verletzt.<br \/>\n<em>Robert Tesche<\/em>, Fortuna D\u00fcsseldorf<br \/>\nGelb gesperrt, kein Einsatz. Mit ihm h\u00e4tte D\u00fcsseldorf bestimmt gewonnen.<br \/>\n<em>Paul Scharner<\/em>, Wigan Athletic<br \/>\nWigan zieht ins FA Cup Finale ein. Damit spielt ein Hamburger um einen Titel! Gegen Millwall stand er 90 Minuten auf dem Platz und darf im Finale gegen Manchester City bestimmt auch ran.<\/p>\n<h2>Die Zweite<\/h2>\n<p>Verdient war dann die Niederlage der zweiten Mannschaft. Das Derby gegen die Zweite des FC. St Adtteilverein ging mit 2-1 verloren. Die Mannschaft schafft es auch nicht, ein Spiel aufzubauen, es wurde zu wenig aufs Tor geschossen und im Gegensatz zu der 1. Mannschaft macht der Gegner das Spiel auch nicht. Das Tor von Kelbel war dann zwar klasse und auch noch ein Jokertor(!!!) aber danach machten wir das zweinull nicht (Lam pa\u00dft bei einem 3 gegen 2 Konter den Ball viel zu sp\u00e4t, da erwarte ich von ihm viel viel mehr!) und der Gegner bekommt ein Elfmeter geschenkt. Das zweieins war dann ein Sonntagsschu\u00df, aber wenn man hinten so kompakt (und gut) steht, dann hilft manchmal vorne eben nur Gl\u00fcck.<br \/>\nWie sagte ich: Wir hatten es nicht verdient zu gewinnen, aber der Gegner auch nicht. <\/p>\n<p>Auff\u00e4llig in unserer Mannschaft fand ich nur Dettmann und Sowah (der in der Innenverteidigung spielte!?) es dr\u00e4ngt sich aus meiner Sicht niemand auf, mal bei den gro\u00dfen Jungs mitzuspielen. Naifu, der ja immerhin schon mal auf der Bank bei einem Spiel sa\u00df, fiel erst auf, als er ausgewechselt wurde. N\u00f6rgaard habe ich nicht wahrgenommen und da\u00df Lam auf dem Platz der beste Fu\u00dfballer ist, sollte klar sein. Aber auch da: Er wollte Fu\u00dfball spielen, hat aber niemand, der das mit ihm zusammen spielen kann.<\/p>\n<p>So steigen wir verdienterma\u00dfen in die Oberliga ab, wenn nicht noch ein kleines Wunder passiert. Hoffen wir, da\u00df es nicht so kommt, weil dann der Sprung aus der Jugend in die Bundesliga noch schwerer wird.<\/p>\n<p>In diesem Sinne: <strong>Nur der HSV!<\/strong><\/p>\n<p style=\"font-size: x-small\">\n","protected":false},"excerpt":{"rendered":"<p>Wie war&#8217;s? Nach drei Niederlagen in Folge wurde endlich wieder ein Spiel gewonnen. Es war sogar verdient, hatten wir Mainz doch recht gut im Griff.<\/p>\n","protected":false},"author":2,"featured_media":0,"comment_status":"open","ping_status":"open","sticky":false,"template":"","format":"standard","meta":{"footnotes":""},"categories":[23,4],"tags":[642,462,231,639,285,415],"class_list":["post-5946","post","type-post","status-publish","format-standard","hentry","category-bundesliga","category-hsv","tag-bundesliga","tag-fsv-mainz-05","tag-heung-min-son","tag-hsv","tag-per-skjelbred","tag-saison-20122013"],"_links":{"self":[{"href":"http:\/\/www.nedsblog.de\/index.php?rest_route=\/wp\/v2\/posts\/5946","targetHints":{"allow":["GET"]}}],"collection":[{"href":"http:\/\/www.nedsblog.de\/index.php?rest_route=\/wp\/v2\/posts"}],"about":[{"href":"http:\/\/www.nedsblog.de\/index.php?rest_route=\/wp\/v2\/types\/post"}],"author":[{"embeddable":true,"href":"http:\/\/www.nedsblog.de\/index.php?rest_route=\/wp\/v2\/users\/2"}],"replies":[{"embeddable":true,"href":"http:\/\/www.nedsblog.de\/index.php?rest_route=%2Fwp%2Fv2%2Fcomments&post=5946"}],"version-history":[{"count":4,"href":"http:\/\/www.nedsblog.de\/index.php?rest_route=\/wp\/v2\/posts\/5946\/revisions"}],"predecessor-version":[{"id":5950,"href":"http:\/\/www.nedsblog.de\/index.php?rest_route=\/wp\/v2\/posts\/5946\/revisions\/5950"}],"wp:attachment":[{"href":"http:\/\/www.nedsblog.de\/index.php?rest_route=%2Fwp%2Fv2%2Fmedia&parent=5946"}],"wp:term":[{"taxonomy":"category","embeddable":true,"href":"http:\/\/www.nedsblog.de\/index.php?rest_route=%2Fwp%2Fv2%2Fcategories&post=5946"},{"taxonomy":"post_tag","embeddable":true,"href":"http:\/\/www.nedsblog.de\/index.php?rest_route=%2Fwp%2Fv2%2Ftags&post=5946"}],"curies":[{"name":"wp","href":"https:\/\/api.w.org\/{rel}","templated":true}]}}