{"id":5951,"date":"2013-04-18T21:54:22","date_gmt":"2013-04-18T20:54:22","guid":{"rendered":"http:\/\/www.nedsblog.de\/?p=5951"},"modified":"2013-04-18T21:54:22","modified_gmt":"2013-04-18T20:54:22","slug":"per-und-dennis-konnten-doch-tauschen","status":"publish","type":"post","link":"http:\/\/www.nedsblog.de\/?p=5951","title":{"rendered":"Per und Dennis k\u00f6nnten doch tauschen?"},"content":{"rendered":"<p>90elf.de kennt ihr doch, oder?<\/p>\n<p>In der Sendung &#8222;Bolzplatz&#8220; wird immer Donnerstags die vergangene Woche und die kommenden Spiele betrachtet. Es kommen viele Leute zu Wort, diesen Donnerstag durfte ich auch meine Meinung zum Besten geben.<br \/>\n<!--more--><br \/>\nMein Interview mit 90elf:<br \/>\n<a href=\"http:\/\/www.nedsblog.de\/wp-content\/uploads\/2013\/04\/O-Ton-Mod_-_.mp3\">O-Ton-Mod_-_<\/a><\/p>\n<p>F\u00fcr mich \u00fcberraschend war auch Thorsten Fink ein Teil der Sendung. Hier sein Interview:<br \/>\n<a href=\"http:\/\/www.nedsblog.de\/wp-content\/uploads\/2013\/04\/Fink___Wir_haben_positiven_Druck__-_.mp3\">Fink___Wir_haben_positiven_Druck__-_<\/a><\/p>\n<p>Wenn ihr das Interview geh\u00f6rt habt, teilt ihr auch die Einsch\u00e4tzung, da\u00df so wirklich gar nicht viel Substanz in seinen Antworten steckte? Es war mir zu viel &#8222;Einsatz&#8220;, &#8222;Wille&#8220;, &#8222;Einstellung&#8220; bei seinen Aussagen zu finden. Eben der Trainer, wie man ihn kennt.<\/p>\n<p>Ich durfte dem Trainer auch eine Frage stellen:<br \/>\n<a href=\"http:\/\/www.nedsblog.de\/wp-content\/uploads\/2013\/04\/Frage_an_Fink_-_.mp3\">Frage_an_Fink_-_<\/a><br \/>\n(Wer es nicht h\u00f6ren kann\/mag: Ich habe gefragt, ob der Trainer es sich vorstellen kann, da\u00df Per und Dennis (Diekmeier) die Positionen tauschen)<\/p>\n<p>Die Frage hat ihn wohl etwas \u00fcberrascht, die Antwort war n\u00e4mlich recht konfus.<\/p>\n<p>Zusammengefa\u00dft sagte er sowas wie:<br \/>\nPer ist defensiv nicht so gut wie Dennis.<br \/>\nDennis mu\u00df von hinten kommen, braucht Anlauf und Platz.<br \/>\nDennis ist nicht so torgef\u00e4hrlich, obwohl Per auch nicht so torgef\u00e4hrlich ist.<\/p>\n<p>Also so ungef\u00e4hr hat er gesagt, da\u00df die Personen auf den Positionen nicht so recht passen. Ich wei\u00df immer noch nicht, ob er dabei den Tausch meinte oder die derzeitige Situation. <\/p>\n<p>Wenn wir mal die Statistik betrachten, dann hat der Trainer in vielen Punkten unrecht. Meiner Meinung nach. Dennis braucht Platz, da hat der Trainer recht. Aber: Im Moment steht er als rechter Au\u00dfenverteidiger auf dem Platz und wird weeeeeeit vorgezogen. Bedeutet also, da\u00df er weiter Wege gehen mu\u00df um seinen eigentlichen Job zu verrichten: Hinten verteidigen. Ebenfalls sprach der Trainer Per Skjelbred die defensive St\u00e4rke eines Rechtsverteidigers ab, jedenfalls ein wenig. Nunja, das stellt doch unsere derzeitige Situation auf Rechts sehr gut dar: Ein offensiv aufgestellter Rechtsverteidiger, der absgesichert werden soll durch einen offensiven rechten Mittelfeldspieler, der das dann doch so richtig nicht kann.<\/p>\n<p>Ein Tausch w\u00fcrde doch nur bedeuten, da\u00df Per besser abgesichert ist, als es Dennis in der jetzigen Situation ist, oder irre ich da?<\/p>\n<p>Die offensiven Leistungen von Per wurden dann, in der unnachahmlichen Art des Trainers, hervorgehoben, um sie dann wieder zu entkr\u00e4ften. Sinngem\u00e4\u00df sagte er ja: Dennis ist nicht so torgef\u00e4hrlich, obwohl Per auch nicht so torgef\u00e4hrlich ist. H\u00e4?<\/p>\n<p>Wenn man meinen Offensiven Faktor nimmt (Tore + Torvorlagen + Torsch\u00fcsse + Torschussvorlagne) und diesen auf eine Einsatzzeit von 90 Minuten pro Spiel hoch rechnet, dann hat der Trainer sogar recht: Per Skjelbred kommt auf einen OF pro 90 Minuten von 2,16 Dennis auf einen von 2,17. Also sind beide offensiv recht &#8222;ungef\u00e4hrlich&#8220; (Bester Wert im Team ist auf 90 Minuten hochgerechnte hat Raffael van der Vaart mit 5,85 gefolgt von Marcus Berg(!!!) 4,61 und Rudi mit 4,30).<\/p>\n<p>Warum dann nicht tauschen? <\/p>\n<p>Im Grunde hat Thorsten Fink es dann doch gesagt: Per k\u00f6nnte die Position lernen.<\/p>\n<p>In diesem Sinne: <strong>Nur der HSV!<\/strong><\/p>\n","protected":false},"excerpt":{"rendered":"<p>90elf.de kennt ihr doch, oder? In der Sendung &#8222;Bolzplatz&#8220; wird immer Donnerstags die vergangene Woche und die kommenden Spiele betrachtet. Es kommen viele Leute zu Wort, diesen Donnerstag durfte ich auch meine Meinung zum Besten geben.<\/p>\n","protected":false},"author":2,"featured_media":0,"comment_status":"open","ping_status":"open","sticky":false,"template":"","format":"standard","meta":{"footnotes":""},"categories":[23,4],"tags":[336,642,175,639,285,415,341],"class_list":["post-5951","post","type-post","status-publish","format-standard","hentry","category-bundesliga","category-hsv","tag-90elf","tag-bundesliga","tag-dennis-diekmeier","tag-hsv","tag-per-skjelbred","tag-saison-20122013","tag-thorsten-fink"],"_links":{"self":[{"href":"http:\/\/www.nedsblog.de\/index.php?rest_route=\/wp\/v2\/posts\/5951","targetHints":{"allow":["GET"]}}],"collection":[{"href":"http:\/\/www.nedsblog.de\/index.php?rest_route=\/wp\/v2\/posts"}],"about":[{"href":"http:\/\/www.nedsblog.de\/index.php?rest_route=\/wp\/v2\/types\/post"}],"author":[{"embeddable":true,"href":"http:\/\/www.nedsblog.de\/index.php?rest_route=\/wp\/v2\/users\/2"}],"replies":[{"embeddable":true,"href":"http:\/\/www.nedsblog.de\/index.php?rest_route=%2Fwp%2Fv2%2Fcomments&post=5951"}],"version-history":[{"count":8,"href":"http:\/\/www.nedsblog.de\/index.php?rest_route=\/wp\/v2\/posts\/5951\/revisions"}],"predecessor-version":[{"id":5962,"href":"http:\/\/www.nedsblog.de\/index.php?rest_route=\/wp\/v2\/posts\/5951\/revisions\/5962"}],"wp:attachment":[{"href":"http:\/\/www.nedsblog.de\/index.php?rest_route=%2Fwp%2Fv2%2Fmedia&parent=5951"}],"wp:term":[{"taxonomy":"category","embeddable":true,"href":"http:\/\/www.nedsblog.de\/index.php?rest_route=%2Fwp%2Fv2%2Fcategories&post=5951"},{"taxonomy":"post_tag","embeddable":true,"href":"http:\/\/www.nedsblog.de\/index.php?rest_route=%2Fwp%2Fv2%2Ftags&post=5951"}],"curies":[{"name":"wp","href":"https:\/\/api.w.org\/{rel}","templated":true}]}}