{"id":6033,"date":"2013-05-19T20:47:08","date_gmt":"2013-05-19T19:47:08","guid":{"rendered":"http:\/\/www.nedsblog.de\/?p=6033"},"modified":"2013-05-19T20:47:08","modified_gmt":"2013-05-19T19:47:08","slug":"erst-glauben-dann-hoffen-bundesliga-20122013-spieltag-34","status":"publish","type":"post","link":"http:\/\/www.nedsblog.de\/?p=6033","title":{"rendered":"Erst glauben dann hoffen. Bundesliga 2012\/2013, Spieltag 34."},"content":{"rendered":"<h2>Wie war&#8217;s?<\/h2>\n<p>Ich habe tats\u00e4chlich an einen Sieg geglaubt. Allen Sp\u00f6ttern habe ich ein &#8222;Wir gewinnen das Spiel&#8220; ins Gesicht geschmettert. Am Abend vor dem Spiel sa\u00df ich mit der Liebsten beim Italiener am gleichen Tisch wie vor dem Sieg gegen D\u00fcsseldorf, wir haben das gleiche gegessen und getrunken. Auch am Samstag morgen gab es das gleiche Fr\u00fchst\u00fcck<br \/>\n<!--more--><br \/>\nIch habe wirklich an den Sieg geglaubt. Ich war nerv\u00f6s, weil ich an den Sieg geglaubt habe. <\/p>\n<p>Die Mannschaft glaubte auch an sich, sie spielte mit viel Elan und wollte zeigen, da\u00df sie nach Europa geh\u00f6rt.<\/p>\n<p>In den ersten Minuten des Spiels mu\u00dfte ich dann Bier weg bringen und neues holen (okay, in Wahrheit wollte ich ein Tor herholen, hatte es doch sehr oft geklappt, da\u00df ich ein Tor verpasse) da wurde auf der Anzeigentafel das einsnull von Wolfsburg gemeldet.<\/p>\n<p>Mein Glaube an den Sieg wurde gr\u00f6\u00dfer, da wir gef\u00fchlt das Spiel im Griff hatten. <\/p>\n<p>Den Fans im Stadion ging es wie mir, es war laut wie lange nicht, die Mannschaft wurde nach vorne geschrien, nach unn\u00f6tigen Ballverlusten gab es es zwar viele Meckerer, aber keine Pfiffe.<\/p>\n<p>Die erste Halbzeit war rum, Wolfsburg f\u00fchrte immer noch und so langsam wich der Glaube. Wir spielten zu wenig Angriffe zu Ende, brachten die Abwehr nicht in Bedr\u00e4ngnis. <\/p>\n<p>Es wurde dann bei mir ein Hoffen: Irgendein Ball, der ungl\u00fccklich abgef\u00e4lscht doch noch rein geht, ein unberechtigtes Tor (Abseits, Hand, was auch immer), irgendwas mu\u00dfte doch passieren.<\/p>\n<p>Aber mein Hoffen wurde nicht belohnt. Nicht nur, da\u00df Frankfurt das zweizwei scho\u00df, was wir im Stadion nicht mitbekamen, sondern nachdem wir hinten offen wie ein Scheunentor waren, fiel das Tor f\u00fcr Leverkusen. Kie\u00dfling, wer auch sonst.<\/p>\n<p>Die Mannschaft wollte. Sie wollte es tats\u00e4chlich. Das K\u00f6nnen fehlte. Vielleicht nicht das individuelle K\u00f6nnen, das, und da glaube ich unersch\u00fctterlich dran, haben wir bei uns im Kader. Wenn das individuelle K\u00f6nnen da ist, es aber nicht reicht, dann liegt es am guten Gegner oder am falschen System des Trainers. <\/p>\n<p>Wir sollten es endlich mal hinbekommen, das beste aus der Mannschaft rauszuholen. Die 6 vor uns stehenden Mannschaften sind entweder besser besetzt oder besser aufgestellt und ausgebildet. Darauf werde ich aber in meinen R\u00fcckblicken noch n\u00e4her eingehen.<\/p>\n<p>Es wurde aber der 7. Platz in der Saison 2012\/2013. Die Frage, die ich mir nach dem Schlu\u00dfpfiff (und allen meinen Stadionbegleitern immer wieder stellte): seid ihr zufrieden mit der Saison? <\/p>\n<p>Ich glaube es gibt darauf keine eindeutige Antwort. Es gibt ein &#8222;Ja, aber&#8220; oder &#8222;Nein, aber&#8220;. Wie beantwortet ihr die Frage?<\/p>\n<p><strong>Tor<\/strong><\/p>\n<p>Hielt wieder ph\u00e4nomenal. Ein klasse Torwart haben wir zwischen den Pfosten.<\/p>\n<p><strong>Abwehr<\/strong><\/p>\n<p>Ein Tor, mal wieder nicht zu null. Es kam nicht viel durch und das Tor am Ende war der offensiven Taktik geschuldet. Westermann und Boban haben Kie\u00dfling gut im Griff gehabt, Sch\u00fcrrle wurde entnervt ausgewechselt. Diekmeier und Jansen in der Grundaufstellung gef\u00fchlt defensiver, hatten aber bei Ballbesitz viele Aktionen nach vorne.<\/p>\n<p><strong>Mittelfeld<\/strong><\/p>\n<p>Badelj und Rinc\u00f3n geben ein gutes defensives Paar ab. Das offensive Mittelfeld hatte viele Aktionen, spielte aber die Angriffe nicht konsequent genug zu Ende. Daher auch kein Tor f\u00fcr uns.<\/p>\n<p><strong>Sturm<\/strong><\/p>\n<p>Son ohne Tor, gab nur 2 Torsch\u00fcsse ab. Mu\u00dfte aber auch viel auf die Aussen ausweichen, womit er dann in der Mitte fehlte.<\/p>\n<p><strong>Taktik<\/strong><\/p>\n<p>4-2-3-1, sah aber manchmal nach einem 4-4-1-1 aus.<br \/>\nEs wurde eine gute Mischung aus Ballbesitz\/Dominanz und Abwarten\/Konter gew\u00e4hlt. Ein zwei mehr gute Angriffe h\u00e4tte uns aber besser gestanden.<\/p>\n<p><strong>Einwechslungen<\/strong><\/p>\n<p>Alles auf den Sieg: Mit Rudi, Beister und Ivo wurden ausschlie\u00dflich offensive Spieler eingewechselt. Das war richtig und das Gegentor tat weh, ist aber unwichtig gewesen, weil wir gewinnen wollten. Das war also alles v\u00f6llig in Ordnung.<br \/>\nAlle drei haben aber wenig Wirkung gehabt, schade.<\/p>\n<p><strong>Spieler des Spiels:<\/strong><\/p>\n<p>Ren\u00e9 Adler. Nuff said.<\/p>\n<p><strong>P\u00f6bler des Spiels:<\/strong><\/p>\n<p>Ich wollte erst das Zeitspiel der Leverkusener ab der dritten Spielminute (was soll das? Wenn ihr keinen Fu\u00dfball spielen wollte, dann sagt uns das vorher, wir verursachen einen Elfer f\u00fcr Kie\u00dfling und gut ist. Mann!) bep\u00f6beln, rege mich aber viel mehr \u00fcber die Dortmunder auf, die es nicht hinbekommen haben, den von uns auf den Elfmeterpunkt gelegten Ball zu verwandeln. Jetzt darf die TSG in die Relegation, danke f\u00fcr nichts!<\/p>\n<h2>Was sagt die Statistik?<\/h2>\n<p><iframe width='500' height='380' frameborder='0' src='https:\/\/docs.google.com\/spreadsheet\/pub?key=0Av4ETf833YNgdFU5SmdQa3VFMWlZV3VJbjNlcVVYMGc&#038;single=true&#038;gid=34&#038;range=A1%3AS22&#038;output=html'><\/iframe><br \/>\n<small><small>2K\u00e4mpfe gew-Zweik\u00e4mpfe gewonnen; ges-Gesamt; %-Prozent gewonnen (Beim Torwart: Torsch\u00fcsse geh-Torsch\u00fcsse gehalten; ges-gesamt; %-Prozent gehalten), BK-Ballkontakte, TS-Torsch\u00fcsse (Beim Torwart AF-abgefangene Flanken), P\u00e4sse a-P\u00e4sse angekommen; g-gespielt; %-Prozent angekommen, FL-Flanken, TSV-Torschussvorlagen, Tor-Tore, TVO-Torvorlagen, LF-Laufleistung in km, Sp-Sprints >-raus, < -rein, Min-Minuten, OF-Offensivfaktor; Quelle: <a href=\"http:\/\/www.bundesliga.de\">bundesliga.de<\/a> f\u00fcr die Offensiven Daten (TS, TSV, Tor; TVO) und <a href=\"http:\/\/www.sky.de\" target=\"_blank\">sky.de<\/a> f\u00fcr den Rest<\/small><\/small><\/p>\n<h2>Was ich gelesen habe?<\/h2>\n<p>Der <a href=\"http:\/\/burnster.de\/2013\/05\/19\/brennerpass-bundesliga-2012-2013-34\/\" target=\"_blank\">Brennerpass<\/a> findet, da\u00df die Hamburger das Beste aus ihren M\u00f6glichkeiten in der Saison gemacht haben<\/p>\n<h2>Leihspielercheck<\/h2>\n<p>Hier ein kurzer Blick auf die verliehenen Spieler.<br \/>\n<em>Hakan Calhanoglu<\/em>, KSC<br \/>\nSein, vermutlich, letztes Spiel f\u00fcr den KSC. Er schie\u00dft das dreinull und spielt 57 Minuten. SPN 4, aber nur wegen der Minuten.<br \/>\n<em>Robert Tesche<\/em>, Fortuna D\u00fcsseldorf<br \/>\nStand im wichtigen Spiel nicht im Kader. Ist das ein Zeichen?<br \/>\n<em>Paul Scharner<\/em>, Wigan Athletic<br \/>\nIm letzten (?) Spiel f\u00fcr Wigan stand er 90 Minuten auf dem Platz. Das einsvier gegen Arsenal kann er auch nicht verhindern. SPN 1.<\/p>\n<h2>Gewinner<\/h2>\n<p>Der Gewinner des Tippspiels steht fest: <strong>xeniC<\/strong><br \/>\nEr hat zum einen die Frage richtig beantworte: Die drei St\u00fcrmer Rudnevs, Berg und Son haben mehr Tore geschossen als Petric und Guerrero.<br \/>\nEr hat auch die Anzahl der Tore richtig getippt: <strong>24<\/strong><\/p>\n<p>Herzlichen Gl\u00fcckwunsch! Der Preis (ein Bier) kann dann in der n\u00e4chsten Saison am Satdion abgeholt werden :-)<\/p>\n<p>Die Pl\u00e4tze danach:<br \/>\nGerhard &#038; Kiki mit 23 Toren und The R &#038; Ywergnase mit 21.<\/p>\n<h2>Was mache ich jetzt&#8230;?<\/h2>\n<p><a href=\"http:\/\/www.nedsblog.de\/wp-content\/uploads\/2013\/05\/2013-05-18-17.29.10.jpg\"><img decoding=\"async\" src=\"http:\/\/www.nedsblog.de\/wp-content\/uploads\/2013\/05\/2013-05-18-17.29.10.jpg\" alt=\"was mache ich jetzt?\" width=\"600\" class=\"alignnone size-full wp-image-6034\" srcset=\"http:\/\/www.nedsblog.de\/wp-content\/uploads\/2013\/05\/2013-05-18-17.29.10.jpg 3264w, http:\/\/www.nedsblog.de\/wp-content\/uploads\/2013\/05\/2013-05-18-17.29.10-300x225.jpg 300w, http:\/\/www.nedsblog.de\/wp-content\/uploads\/2013\/05\/2013-05-18-17.29.10-1024x768.jpg 1024w\" sizes=\"(max-width: 3264px) 100vw, 3264px\" \/><\/a><\/p>\n<p>Die neue Saison ist noch so lange hin. SO LANGE!<\/p>\n<p>In diesem Sinne: <strong>Nur der HSV!<\/strong><\/p>\n<p style=\"font-size: x-small\">\n","protected":false},"excerpt":{"rendered":"<p>Wie war&#8217;s? Ich habe tats\u00e4chlich an einen Sieg geglaubt. Allen Sp\u00f6ttern habe ich ein &#8222;Wir gewinnen das Spiel&#8220; ins Gesicht geschmettert. Am Abend vor dem Spiel sa\u00df ich mit der Liebsten beim Italiener am gleichen Tisch wie vor dem Sieg gegen D\u00fcsseldorf, wir haben das gleiche gegessen und getrunken. Auch am Samstag morgen gab es [&hellip;]<\/p>\n","protected":false},"author":2,"featured_media":0,"comment_status":"open","ping_status":"open","sticky":false,"template":"","format":"standard","meta":{"footnotes":""},"categories":[23,4],"tags":[233,642,639,416,415],"class_list":["post-6033","post","type-post","status-publish","format-standard","hentry","category-bundesliga","category-hsv","tag-bayer-04-leverkusen","tag-bundesliga","tag-hsv","tag-rene-adler","tag-saison-20122013"],"_links":{"self":[{"href":"http:\/\/www.nedsblog.de\/index.php?rest_route=\/wp\/v2\/posts\/6033","targetHints":{"allow":["GET"]}}],"collection":[{"href":"http:\/\/www.nedsblog.de\/index.php?rest_route=\/wp\/v2\/posts"}],"about":[{"href":"http:\/\/www.nedsblog.de\/index.php?rest_route=\/wp\/v2\/types\/post"}],"author":[{"embeddable":true,"href":"http:\/\/www.nedsblog.de\/index.php?rest_route=\/wp\/v2\/users\/2"}],"replies":[{"embeddable":true,"href":"http:\/\/www.nedsblog.de\/index.php?rest_route=%2Fwp%2Fv2%2Fcomments&post=6033"}],"version-history":[{"count":6,"href":"http:\/\/www.nedsblog.de\/index.php?rest_route=\/wp\/v2\/posts\/6033\/revisions"}],"predecessor-version":[{"id":6040,"href":"http:\/\/www.nedsblog.de\/index.php?rest_route=\/wp\/v2\/posts\/6033\/revisions\/6040"}],"wp:attachment":[{"href":"http:\/\/www.nedsblog.de\/index.php?rest_route=%2Fwp%2Fv2%2Fmedia&parent=6033"}],"wp:term":[{"taxonomy":"category","embeddable":true,"href":"http:\/\/www.nedsblog.de\/index.php?rest_route=%2Fwp%2Fv2%2Fcategories&post=6033"},{"taxonomy":"post_tag","embeddable":true,"href":"http:\/\/www.nedsblog.de\/index.php?rest_route=%2Fwp%2Fv2%2Ftags&post=6033"}],"curies":[{"name":"wp","href":"https:\/\/api.w.org\/{rel}","templated":true}]}}