{"id":6070,"date":"2013-05-23T22:08:35","date_gmt":"2013-05-23T21:08:35","guid":{"rendered":"http:\/\/www.nedsblog.de\/?p=6070"},"modified":"2013-05-23T22:08:35","modified_gmt":"2013-05-23T21:08:35","slug":"die-spieler-in-der-abwehr-saison-20122013-ruckblick-iii-mit-manntschn","status":"publish","type":"post","link":"http:\/\/www.nedsblog.de\/?p=6070","title":{"rendered":"Die Spieler in der Abwehr. Saison 2012\/2013, R\u00fcckblick III mit #M\u00e4nntschn"},"content":{"rendered":"<p>Der R\u00fcckblick auf die Spieler ist dreigeteilt: Die Abwehr, das Mittelfeld und der Sturm. Beginnen werde ich hinten.<br \/>\n<!--more--><\/p>\n<h2>Tor<\/h2>\n<p><strong>Rene Adler<\/strong><\/p>\n<p>Die beste Verpflichtung seit Jahren. Auch wenn ich sie weiterhin als nicht sinnvoll betrachte. Einer der besten, ob der beste, das ist schwer zu beantworten, Torh\u00fcter der Bundesliga. Er sicherte uns viele Punkte, gab einmal Punkte her. Seine Ausstrahlung half der Abwehr sich sicher zu f\u00fchlen. Also h\u00e4tte das bewirken k\u00f6nnen.<\/p>\n<p>Wir haben ihn aber nicht gebraucht. Er kostet auch einiges an Gehalt, ebenfalls denke ich, da\u00df einiges an Handgeld geflossen ist. K\u00f6nnen wir uns das leisten?<\/p>\n<p>Versteht mich nicht falsch, ich mag ihn und bin seiner Leistung, seines Auftretens und der Wirkung f\u00fcr den Verein wegen sehr und bin froh, da\u00df er bei uns spielt. Aber wir hatten das Geld nicht und haben ihn dennoch in dieser Saison verpflichtet.<\/p>\n<p><strong>Jaroslav Drobny<\/strong><\/p>\n<p>Bester zweiter Mann der Liga. Mehr mu\u00df man nicht schreiben. Seine Zukunft bei uns geht nur weiter, wenn er auf Gehalt verzichten wird.<\/p>\n<p>Meine Meinung: Mit Drobny w\u00fcrden wir nicht viel schlechter in der Tabelle dar stehen, h\u00e4tten aber nicht so ein Minus im Etat. Aber das hat sich ja jetzt eventuell erledigt, der erste Vertragsentwurf wurde vom Aufsichtsrat abgelehnt. Schade, wir verlieren jemand, der nach seiner Karriere bei uns bleiben wollte. Sowas tut immer sehr weh. Ich h\u00e4tte ihn sehr sehr gerne noch verabschiedet, eine bessere Nummer Zwei hatten wir noch nie. Spielerisch und auch charakterlich.<\/p>\n<p><strong>Neuhaus<\/strong><\/p>\n<p>Dritter Mann, solide, es zeigt sich aber, warum er nicht mehr ist. Ich habe ihn dreimal bei den Amateuren gesehen, dort sah man, da\u00df es zum guten Bundesliga Torwart nicht reicht. Sollte helfen Florian Stritzel aufzubauen.<\/p>\n<p>F\u00fcr die Zukunft mache ich mir auf dieser Position die kleinsten Sorgen.<\/p>\n<h2>Abwehr &#8211; Innenverteidigung<\/h2>\n<p><strong>Michael Mancienne<\/strong><\/p>\n<p>Seit seiner Verletzung ging es mit der Abwehr bergab. so ist jedenfalls mein Gef\u00fchl. Er hatte sich endlich in der Bundesliga zurecht gefunden und wurde immer stabiler.<\/p>\n<p>Ihm fehlt es an k\u00f6rperlicher Statur, damit er ein guter Abwehrspieler wird. Auch die Spieler\u00f6ffnung ist nicht seine St\u00e4rke. Dagegen finde ich sein Stellungsspiel recht gut.<\/p>\n<p>Ich denke er ist nun in der Bundesliga angekommen.<\/p>\n<p>Ein paar Fragen, die ich mir stelle: Kann er das Spiel aufbauen, wenn er es mu\u00df?<br \/>\nBraucht er immer einen robusten IV neben sich, damit er sicher spielt?<br \/>\nF\u00fcr die n\u00e4chste Saison sehe ich ihn als dritten IV, wenn Scharner bei uns bleibt, eventuell auch eher als vierten.<\/p>\n<p>Rein statistisch gesehen haben mir mit #M\u00e4nntschn auf dem Platz die wenigstens Gegentore bekommen. Steht er in der IV, gibt es nur 1,4 pro Spiel.<\/p>\n<p><strong>Heiko Westermann<\/strong><\/p>\n<p>Der Turm in der Schlacht, selbst verletzt spielt er so lange, bis er ausgewechselt werden mu\u00df. Hat die meisten Ballkontakte, spielt die meisten P\u00e4sse in der Abwehr. Er ist der erste Spieler im Aufbau.<\/p>\n<p>Ich bin auf Krawall geb\u00fcrstet also wage ich mal die folgenden Thesen: Man sagt allen Partnern von Westermann in der Innenverteidigung nach, da\u00df sie nicht geeignet sind f\u00fcr den Spielaufbau. Weder Mancienne, Boban noch Bruma. Nur stellt sich mir die Frage: W\u00fcrden sie es nicht besser k\u00f6nnen, wenn sie nicht neben Heiko spielen? Dann m\u00fcssen sie ja die erste Station im Spielaufbau sein. Ich w\u00fcrde dieses Experiment gerne einmal wagen. Ich denke wir werden uns auf dieser Position nicht weiter entwickeln, solange Heiko Westermann Stammspieler ist. Meiner Meinung nach kann er sich nicht mehr weiter entwickeln, er ist nun schon zu lange dabei, wird nicht j\u00fcnger und hat irgendwann eine Grenze erreicht, an der er nur noch stabil seine Leistung bringt. Da aber im derzeitigem Spielsystem dem Innenverteidiger viel Verantwortung zuteil wird, m\u00fcssen wir dort Spieler einsetzen, die sich in diese Position noch entwickeln k\u00f6nnen. Das sehe ich bei ihm nicht.<\/p>\n<p>W\u00e4hrend der Saison wurde Heiko enteiert. Oder enteierte sich selbst, ich wei\u00df es leider nicht. Er gab das Kapit\u00e4nsamt auf, eine Aktion, die ich in meiner Laufbahn als HSV Fan so noch nicht erlebt habe. Ihm scheint es gut getan zu haben, <a href=\"http:\/\/www.hsv.de\/saison\/meldungen-saison\/bundesliga\/2013\/mai\/westermann-ich-wollte-nicht-mehr-der-suendenbock-sein\/\" target=\"_blank\">sagt<\/a> er zumindest. <\/p>\n<p>Versteht mich nicht falsch, Heiko Westermann ist ein solider guter Inneverteidiger, ich w\u00fcrde einfach mal gerne sehen, wie unsere anderen Verteidiger aussehen, wenn er mal nicht auf dem Platz ist.<\/p>\n<p><strong>Jeffrey Bruma<\/strong><\/p>\n<p>Gerade beim Testspiel gegen TuRa Meldorf fiel mir auf, was f\u00fcr eine Kante Jeffrey eigentlich ist. Er hat die richtige Gr\u00f6\u00dfe und Statur f\u00fcr einen Innenverteidiger, ist technisch wohl der beste Inneverteidiger, den wir in dieser Saison hatten. Wenn da nicht das Spiel gegen die zweite Mannschaft von der Weser gewesen w\u00e4re. Gef\u00fchlt kein einziger Ball von ihm wurde sauber angenommen oder gespielt. Das war das schlechteste (oh sorry, ich war noch nicht bei Gojko Kacer, seine Leistung war das schlechteste was ich in dieser Saison gesehen habe) okay, eine verdammt schlechte Leistung von ihm. Und zeigt mir auch ein wenig sein Problem: Er kann viel und wei\u00df es leider zu gut. Geht mit seinem Talent zu nachl\u00e4ssig um (im gleichen Spiel habe ich auch Paul Scharner gesehen, der das Spiel in der Regionalliga Nord genauso professionell angegangen ist wie ein Bundesligaspiel). <\/p>\n<p>Ich glaube Jeffrey aber, wenn er das twittert:<br \/>\nhttps:\/\/twitter.com\/JBruma\/status\/336792478122397696<br \/>\nhttps:\/\/twitter.com\/JBruma\/status\/336792661094694913<br \/>\nhttps:\/\/twitter.com\/JBruma\/status\/336792830947241985<\/p>\n<p>Es war eine tolle, aber auch eine anstrengende Zeit mit Jeffrey &#8222;Kamikaze&#8220; Bruma.<\/p>\n<p><strong>Slobodan Rajkovic<\/strong><\/p>\n<p>Boban hat lediglich 8 Spiele gespielt, ist auch nur wieder in die Mannschaft ger\u00fcckt, weil es Verletzte in der Innenverteidigung gab. Seine Supendierung nach der Pr\u00fcgelei im Traing wurde aufgehoben.<\/p>\n<p>Ich finde Boban einen sehr interessanten Spieler. Er ist robust und sehr Zweikampfstark (er hat 77% seiner Zweik\u00e4mpfe gewonnen, Bestwert in der Innenverteidigung). Seinen Spielaufbau kann ich schwer bewerten, weil er immer neben Heiko Westermann gespielt hat. Seine Werte sehen sehr gut aus, ich w\u00fcrde ihn tats\u00e4chlich gerne \u00f6fter auf dem Platz sehen.<\/p>\n<p><strong>Paul Scharner<\/strong><\/p>\n<p>Ein arg kurzes Gastspiel bei uns. Wie oben beschrieben habe ich ihn live und in Farbe in der zweiten Mannschaft gesehen. Das Spiel ging 2:3 aus. Bei uns hat er leider nicht seine Erfahrung ausspielen k\u00f6nnen, fing er sich doch eine selten d\u00e4mliche Gelb-Rote Karte gegen Freiburg ein. Er kehrt als FA Cup Sieger und Absteiger aus der Premier League nach Hamburg zur\u00fcck. Wenn es mit einem Spieler noch etwas Geld zu machen gibt, dann mit ihm in der Premier League. Er will zur\u00fcck nach Hamburg kommen und sieht seine Zukunft da. Ich nicht.<\/p>\n<p>Hier noch einige Statistiken zu den Inneverteidigern<br \/>\n<strong>Gegentore der IV pro Spiel<\/strong><br \/>\n<iframe width='500' height='105' frameborder='0' src='https:\/\/docs.google.com\/spreadsheet\/pub?key=0Av4ETf833YNgdEtsV0JrSHpWbVN3em56MFo1RDZmMlE&#038;single=true&#038;gid=9&#038;range=A1%3AD6&#038;output=html'><\/iframe><br \/>\n<strong>Saisonwerte IV<\/strong><br \/>\n<iframe width='600' height='125' frameborder='0' src='https:\/\/docs.google.com\/spreadsheet\/pub?key=0Av4ETf833YNgdEtsV0JrSHpWbVN3em56MFo1RDZmMlE&#038;single=true&#038;gid=10&#038;range=A1%3AS7&#038;output=html'><\/iframe><\/p>\n<h2>Die Au\u00dfenverteidiger<\/h2>\n<p><strong>Dennis Diekmeier<\/strong><\/p>\n<p>Stammspieler ohne Konkurrenz. Fiel er aus, r\u00fcckte Jeffrey Bruma auf die Position nach. Auch Jacopo Sala durfte sich auf der Position versuchen, aber keiner ist so gut wie Dennis.<br \/>\nAber ist das so? Ich sehe bei Diekmeier wenig Entwicklung. Er ist in der Defensive etwas stabiler geworden und nach vorne hatte er eh immer mehr drauf. Aber ich denke er braucht mal einen Konkurrenten, damit er an sich arbeitet. Wenn man immer gesetzt ist, dann h\u00e4ngt man sich nicht mehr so rein, das ist menschlich. <\/p>\n<p>Ver\u00e4nderung auf der Position gibt es erst, wenn wir ihn verkaufen. Ansonsten bleibt er da und bringt weiter solide Leistungen.<\/p>\n<p><strong>Marcell Jansen<\/strong><\/p>\n<p>Er ist kein Linksverteidiger! Das ist meine Meinung seit Jahren. Unter Thorsten Fink hat er sich aber auf der Position etabliert. Das sagt alles \u00fcber mein Fu\u00dfballsachverstand aus.<\/p>\n<p>Seine Werte lesen sich nicht so schlecht. Allerdings habe ich ihn zu selten aus der Offensive nach hinten sprinten sehen. Viel zu selten.<br \/>\nEr ist auch der erste, der Einsatz und Leistungsbereitschaft fordert, allerdings in den Interviews und gef\u00fchlt auch nicht von sich selber. Sehr interessant ist es, da\u00df in den Kicker Ranglisten Marcell Jansen als einer der besten HSV Spieler auftaucht. Was sehen sie in ihm? Die offensiven Leistungen? Die Defensive kann es meiner Meinung nach nicht sein!<\/p>\n<p>Auch hier w\u00fcnsche ich mir Konkurrenz im Kader. Aogo ist es ja anscheinend nicht mehr, warum auch immer. Er hat nur 4 Spiele links hinten gestanden.<\/p>\n<p><strong>Zhi Gin Lam<\/strong><\/p>\n<p>Tats\u00e4chlich als einzige Alternative f\u00fcr diesen Posten aus der Sicht des Trainers. Er ist zu klein und k\u00f6rperlich nicht robust genug, dennoch gefiel er mir recht gut auf der Position. Dennoch ist er meiner Meinung nach nicht die Zukunft hinten links, zumal er in der zweiten Mannschaft viel weiter vorne steht.<br \/>\nPotential ist da, aber dazu m\u00fcsste er die Position st\u00e4ndig spielen.<\/p>\n<p><strong>Gegentore der AV pro Spiel<\/strong><br \/>\n<iframe width='500' height='158' frameborder='0' src='https:\/\/docs.google.com\/spreadsheet\/pub?key=0Av4ETf833YNgdEtsV0JrSHpWbVN3em56MFo1RDZmMlE&#038;single=true&#038;gid=7&#038;range=A1%3AD9&#038;output=html'><\/iframe><br \/>\n<strong>Saisonwerte AV<\/strong><br \/>\n<iframe width='600' height='191' frameborder='0' src='https:\/\/docs.google.com\/spreadsheet\/pub?key=0Av4ETf833YNgdEtsV0JrSHpWbVN3em56MFo1RDZmMlE&#038;single=true&#038;gid=11&#038;range=A1%3AS11&#038;output=html'><\/iframe><\/p>\n<p>Rein von der statistischen Sicht m\u00fcsste unsere 4er Kette also so aussehen:<br \/>\nDiekmeier &#8211; Mancienne &#8211; Boban &#8211; Jansen.<\/p>\n<p>In diesem Sinne: <strong>Nur der HSV!<\/strong><\/p>\n","protected":false},"excerpt":{"rendered":"<p>Der R\u00fcckblick auf die Spieler ist dreigeteilt: Die Abwehr, das Mittelfeld und der Sturm. Beginnen werde ich hinten.<\/p>\n","protected":false},"author":2,"featured_media":0,"comment_status":"open","ping_status":"open","sticky":false,"template":"","format":"standard","meta":{"footnotes":""},"categories":[23,4,165],"tags":[642,128,175,179,639,276,167,284,426,416,415,321,646,502,420,337],"class_list":["post-6070","post","type-post","status-publish","format-standard","hentry","category-bundesliga","category-hsv","category-kader-hsv","tag-bundesliga","tag-dennis-aogo","tag-dennis-diekmeier","tag-heiko-westermann","tag-hsv","tag-jacopo-sala","tag-jaroslav-drobny","tag-jeffrey-bruma","tag-paul-scharner","tag-rene-adler","tag-saison-20122013","tag-slobodan-rajkovic","tag-statistik","tag-statistik-die-keiner-braucht","tag-sven-neuhaus","tag-zhi-gin-lam"],"_links":{"self":[{"href":"http:\/\/www.nedsblog.de\/index.php?rest_route=\/wp\/v2\/posts\/6070","targetHints":{"allow":["GET"]}}],"collection":[{"href":"http:\/\/www.nedsblog.de\/index.php?rest_route=\/wp\/v2\/posts"}],"about":[{"href":"http:\/\/www.nedsblog.de\/index.php?rest_route=\/wp\/v2\/types\/post"}],"author":[{"embeddable":true,"href":"http:\/\/www.nedsblog.de\/index.php?rest_route=\/wp\/v2\/users\/2"}],"replies":[{"embeddable":true,"href":"http:\/\/www.nedsblog.de\/index.php?rest_route=%2Fwp%2Fv2%2Fcomments&post=6070"}],"version-history":[{"count":18,"href":"http:\/\/www.nedsblog.de\/index.php?rest_route=\/wp\/v2\/posts\/6070\/revisions"}],"predecessor-version":[{"id":6106,"href":"http:\/\/www.nedsblog.de\/index.php?rest_route=\/wp\/v2\/posts\/6070\/revisions\/6106"}],"wp:attachment":[{"href":"http:\/\/www.nedsblog.de\/index.php?rest_route=%2Fwp%2Fv2%2Fmedia&parent=6070"}],"wp:term":[{"taxonomy":"category","embeddable":true,"href":"http:\/\/www.nedsblog.de\/index.php?rest_route=%2Fwp%2Fv2%2Fcategories&post=6070"},{"taxonomy":"post_tag","embeddable":true,"href":"http:\/\/www.nedsblog.de\/index.php?rest_route=%2Fwp%2Fv2%2Ftags&post=6070"}],"curies":[{"name":"wp","href":"https:\/\/api.w.org\/{rel}","templated":true}]}}