{"id":6073,"date":"2013-05-22T23:32:51","date_gmt":"2013-05-22T22:32:51","guid":{"rendered":"http:\/\/www.nedsblog.de\/?p=6073"},"modified":"2013-05-22T23:32:51","modified_gmt":"2013-05-22T22:32:51","slug":"der-hsv-sucht-einen-sportvorstand-teil-7346","status":"publish","type":"post","link":"http:\/\/www.nedsblog.de\/?p=6073","title":{"rendered":"Der HSV sucht einen Sportvorstand, Teil 7346."},"content":{"rendered":"<p><em>Normalerweise habe ich eine feste Reihenfolge in meinem R\u00fcckblick: Statistik, Spielerbewertung und Gremien. Der Beitrag f\u00fcr die Spieler ist noch nicht fertig, dennoch werde ich jetzt auf die Gremien des HSV r\u00fcckblicken, weil der HSV sich &#8222;einvernehmlich&#8220; von seinem Sportvorstand Frank Arnesen <a href=\"http:\/\/www.hsv.de\/saison\/meldungen-saison\/bundesliga\/2013\/mai\/hsv-und-frank-arnesen-trennen-sich\/\" target=\"_blank\">getrennt<\/a> hat.<\/em><\/p>\n<p><!--more--><\/p>\n<h2>Vorstand<\/h2>\n<p>Fangen wir bei dem Vorstand f\u00fcr Mitgliederbelange an: Oliver Scheel hat mal wieder die Mitgliederversammlungen organisiert und ist recht aktiv in allen Amateurabteilungen. Mehr kann ich aber \u00fcber ihn nicht sagen, sein Wirken ist selten in der \u00d6ffentlichkeite zu lesen.<\/p>\n<p>Bei Joachim Hilke sieht das schon anders aus. Am auff\u00e4lligsten war er bei der Verpflichtung von Rafael van der Vaart in der \u00d6ffentlichkeit warzunehmen, hat er die Verhandlungen mit den Spurs und dem Berater von Rafael gef\u00fchrt. Weiterhin ist der Vertrag mit Viagogo wohl auf seinem Mist gewachsen. Mittlerweile ist dieser Vertrag wieder aufgel\u00f6st. Ein Gl\u00fcck, Fans anderer Vereine k\u00e4mpfen weiterhin gegen Vianogo.<\/p>\n<p>Ansonsten wurde sein Vertrag vorzeitig verl\u00e4ngert und wie ich gelesen habe ist der erste Enftwurf eines neuen Vermarktungsvertrages mit Sportfive vom Aufsichtsrat abgelehnt worden. Das Marketing, seine Hauptaufgabe, l\u00e4uft prima und ich denke da ist ihm nichts vorzuwerfen. Meine Frage bei ihm: Ist seine Stelle so an den Vorsitzenden gebunden, wie es damals bei Katja Kraus und Bernd Hoffmann war?<\/p>\n<p>Der Vorstandsvorsitzende ist h\u00e4ufiger in der \u00d6ffentlichkeit zu sehen. Das ist auch normal, er ist der Entscheider beim HSV und tr\u00e4gt die Verantwortung. Meine Kritik am derzeitigem Zustand des HSV richtet sich damit haupts\u00e4chlich an ihn.<\/p>\n<p>Carl-Edgar Jarchow war damals vom Aufsichtsrat in den Vorstand berufen worden, um die finanzielle Situation beim HSV in den Griff zu bekommen. Man sagte uns auf allen folgenden Mitgliederversammlungen, wie schlecht es finanziell steht, auf der ersten sogar, da\u00df es Unstimmigkeiten bei Ausgaben gab. Die erste Bilanz wurde mit einem ordentlichem Minus vorgestellt.<br \/>\nMan sparte. An allen Ecken: im Amateurbereich wurden Gelder gek\u00fcrzt, der Profibereich bekam &#8222;fast&#8220; kein Geld f\u00fcr neue Profis und man hoffte auf einen guten Ausgang. Es wurde der Abstieg gerade so verhindert. <\/p>\n<p>Diese Saison war dann Geld da, woher auch immer. Oh, stimmt: TV Gelder, VIP Logen und der Verkauf von Spielern sollte Geld in die Kassen sp\u00fclen. Damit sollten die Verpflichtungen von Milan Badelj, Artjoms Rudnevs und Ren\u00e9 Adler finanziert werden.<\/p>\n<p>Also so verstehe ich die Aussage, da\u00df das Minus in der Bilanz aus den 3 oben genannten Punkten plus die Verpflichtungen von Petr Jiracek und Rafael van der Vaart entstanden ist.<\/p>\n<p>Also \u00fcberlegen wir mal wie die drei Jahre von unserem Vorsitzendem bisher angegangen wurden: 1. Jahr Geld ausgeben, 2. kein Geld ausgeben, 3. Geld ausgeben. Das erste Jahr brachte nichts, beim zweiten haben wir uns fast zu Tode gespart und nun stehen wir immerhin auf Platz 7 in der Tabelle. <\/p>\n<p>Ist das eine Strategie? Ich nenne das Aktionismus. Ein weiteres Beispiel: Der Sportfive Vertrag soll jetzt vorzeitig verl\u00e4ngert werden, damit a) ein wenig mehr Geld bei uns h\u00e4ngen bleibt, b) damit die R\u00fcckzahlung von 12,5 Mio. Euro nicht f\u00e4llig wird und c) eine signing fee Liquidit\u00e4t in die Kasse sp\u00fclt.<br \/>\nGanz ehrlich: Wenn man mir vor drei Jahren gesagt h\u00e4tte, wir m\u00fcssen dies tun, damit wir planvoll in den Kader und die Jugendarbeit investieren k\u00f6nnen, ich w\u00e4re diesen Weg mitgegangen. Jetzt klingt es f\u00fcr mich nach Aktionismus.<\/p>\n<p>Wir sind ein eingetragener Verein, der handelt wie ein mittelst\u00e4ndisches Unternehmen. Da erwarte ich vom Vorstandsvorsitzendem eine klare Strategie. Bei uns eben im Profifu\u00dfball und dem Breitensport. Er mu\u00df mit seinen Vorstandskollegen klare Ziele setzen. <\/p>\n<p>Hatten wir ein klare Zielvorgabe dieses Jahr? Ich habe mal am Anfang was von 45 Punkten geh\u00f6rt. (Diese 45 Punkte w\u00e4ren \u00fcbrigens der 9. Platz in dieser, in der letzten der 8. Rang gewesen. Wie war das mit dem Minus aufgrund fehlender TV Gelder Einnahmen? Die Bundesliga kann damit also nicht gemeint sein). Dann hie\u00df es mal aus dem Vorstand, da\u00df wir den internationalen Wettbewerb brauchen, da es ein Minus in der Bilanz geben wird. Was denn nun?<\/p>\n<p>Wo ist das Konzept rund um den neu zu bauenden Campus? Wie finanzieren wird die Zinsen und die R\u00fcckzahlung der Anleihen?<br \/>\nWie wollen wir weiter Breitensport in Hamburg anbieten, wenn wir ein zweistelliges Minus haben?<br \/>\nWelche neuen Einnahmequellen sollen die fehlenden Gelder aus dem internationalen Wettbewerb ersetzen (und damit meine ich nicht TV Gelder, VIP Logen und der Verkauf von Spielern)?<\/p>\n<p>Es wird stattdessen an ein sale-lease-back des eigenen Stadions mit dem Aufsichtsrat durchgesprochen. Was ist das? Ich zitiere mal die <a href=\"http:\/\/de.wikipedia.org\/wiki\/Sale-Lease-Back\" target=\"_blank\">wikipedia<\/a>:<\/p>\n<blockquote><p>R\u00fcckmietverkauf, Sale-Lease-Back und Sale-and-Lease-Back sind synonyme Bezeichnungen einer Sonderform des Leasings, bei der eine Organisation eine Immobilie oder auch Fahrnis an eine Leasinggesellschaft verkauft und sie zur weiteren Nutzung gleichzeitig wieder zur\u00fcck least. F\u00fcr diese Art der Finanzierung werden gerade f\u00fcr Mittelstandsunternehmen zunehmend auch immaterielle G\u00fcter wie Marken oder Patente herangezogen.<\/p>\n<p>Vorteil von sale-and-lease-back f\u00fcr das Unternehmen ist das Aufdecken von sogenannten stillen Reserven im Anlageverm\u00f6gen. R\u00fcckmietverkauf-Gesch\u00e4fte werden im Immobilienbereich h\u00e4ufig abgewickelt, um bei Verm\u00f6gens\u00fcbertragungen (z. B. auf nachfolgende Generationen) nicht die normalen Betr\u00e4ge der dann f\u00e4lligen Erbschafts- oder Schenkungssteuer an das Finanzamt zahlen zu m\u00fcssen.<\/p>\n<p>Durch den Kaufpreis kann das Unternehmen Kapital freisetzen und erh\u00f6ht kurzfristig seine Liquidit\u00e4t, kann das Objekt aber weiterhin nutzen. Nachteilig k\u00f6nnen sich die laufenden Zahlungen der Leasingraten in der Folge auswirken. Zudem ist das Unternehmen nicht mehr Eigent\u00fcmer und nimmt damit an zuk\u00fcnftigen Wertsteigerungen nicht teil, es sei denn, das Unternehmen hat eine Kaufoption an der Immobilie zum steuerlichen Restbuchwert zum Laufzeitende verhandelt und nimmt diese wahr.<\/p><\/blockquote>\n<p>Kurzfristig wird also die Liquidit\u00e4t erh\u00f6ht, es sind also Gelder da um entweder Ausgaben zu decken oder neue zu t\u00e4tigen. Langfristig ist eine Entwicklung wie bei Borussia Dortmund Anfang der 2000er zu erwarten.<\/p>\n<p>Wer auch nur im entferntesten an solch ein Modell denkt, geh\u00f6rt vom Aufsichtsrat entlassen. <strong>Sofort.<\/strong> <\/p>\n<p>Das Stadion ist unser Pfund in den n\u00e4chsten Jahren. Es wird uns geh\u00f6ren! Wir brauchen keine Hypotheken mehr abbezahlen, haben immer eine Sicherheit, wenn mal Geld gebraucht wird. Warum in dreiteufelsnamen kommt man \u00fcberhaupt auf die Idee so ein Verfahren anzuwenden? Das kann man gerne machen, wenn man auf seine Immobilie nicht angewiesen ist. Wir haben aber nichts anderes als unser Stadion!<\/p>\n<p>Ich habe das Gef\u00fchl, das ist nur meine Meinung und durch Fakten nirgends zu belegen, da\u00df unser Vorstandsvorsitzender alles tut, um seinen Job zu behalten. Daf\u00fcr mu\u00df das Minus in der Kasse gestopft werden, neues Geld beschafft werden, damit in der n\u00e4chsten Saison der europ\u00e4ische Wettbewerb erreicht wird. Wo ist da die Nachhaltigkeit? Wo der Plan f\u00fcr das Jahr 2015? Mal sehen was die Saison bringt ist kein Plan!<\/p>\n<p>Aber im Gegensatz zum Sportvorstand wurden die Vertr\u00e4ge mit Carl-Edgar Jarchow und Joachim Hilke ja vorzeitig verl\u00e4ngert. Trotz einen wahrscheinlichem Verlust im zweitstelligem Millionenbereich. Ist sehr logisch, oder? Aber zum Aufsichtsrat kommen wir noch.<\/p>\n<p>Jetzt ist erstmal der ehemalige Sportvorstand an der Reihe. Seine Transferbilanz m\u00f6chte ich gar nicht n\u00e4her beleuchten, das ist <a href=\"http:\/\/www.hsv-arena.net\/?p=951\" target=\"_blank\">hier<\/a> sehr gut aufgef\u00fchrt. Zu dem verlinktem Artikel: Blendet die Marktwerte aus und betrachtet die verpflichteten Spieler vor allem im Vergleich zu fr\u00fcheren Sportvorst\u00e4nden. Frank Arnesen war neu in der Bundesliga und hat uns unter anderem einen St\u00fcrmer gekauft, der in seiner ersten Saison 12 Tore geschossen hat. Eine schlechte Bilanz sieht meiner Meinung nach anders aus.<\/p>\n<p>Und um eins klarzustellen: S\u00e4mtliche &#8222;Experten&#8220; die mit den 5 Chelsea Verpflichtungen versuchen zu argumentieren, wie schlecht Frank Arnesen ist, werden von mir nicht ernst genommen.<\/p>\n<p>Es gibt aber berechtigte Kritik an seiner Arbeit.<br \/>\n<em>HSVII<\/em><\/p>\n<p>Ja, daf\u00fcr ist der Sportvorstand auch zust\u00e4ndig.<br \/>\nWir sind in diese Saison mit einem Kader in die Regionalliga Nord gestartet, der ein Durschnittsalter von 19,91 hat! In dieser Liga spielen Vereine, die in den Profifu\u00dfball wollen. Da treten wir mit einer Mannschaft von Bubis an? Der Umbruch war gewaltig, 12 Spieler verliessen die U23 und 14 Spieler kamen hinzu, 6 davon aus der U19, einer gar aus der U17. <\/p>\n<p>Das ist fast schief gegangen: Erst am 27. Spieltag wurder der Abstieg verhindert. <\/p>\n<p>Ich h\u00e4tte erwartet, da\u00df in einem Verein, der f\u00fcr 12,5 Mio. Euro einen neuen HSV Campus (okay mit dem klitzekleinen Internat oben links in der Ecke des Fotos \/\/ copyright bei <a href=\"http:\/\/www.twitter.com\/dogfood\" target=\"_blank\">@dogfood<\/a>) baut, die U23 auf einem Platz neben den Profis trainieren l\u00e4\u00dft, ein wenig mehr darauf achtet, da\u00df die zweite Mannschaft in der Regionalliga nicht in Abstiegsn\u00f6te kommt. Da ist Frank Arnesen zu viel Risiko eingangen. Es ist noch mal gut gegangen.<\/p>\n<p><em>Profikader<\/em><\/p>\n<p>Ich glaube er ist nie richtig im Bundesligamittelfeld angekommen. Wir haben immer noch einen sehr hohen Gehaltsetat, obwohl Topverdiener verkauft wurden. Auch die neuen Spieler verdienen demnach \u00fcberdurchschnittlich viel. Wenn es Sparziele gibt, dann mu\u00df ich sie einhalten und nicht einen Torwart kaufen, wenn wir schon einen sehr guten Bundesligatorwart haben. Ich wei\u00df leider nicht, wie die Transferperiode im Sommer mit ihm geworden w\u00e4re, vielleicht h\u00e4tte er da an der einen oder anderen Schraube drehen k\u00f6nnen. Den Gehaltsetat hat er nicht wesentlich gedr\u00fcckt, da hat er das Ziel verfehlt.<\/p>\n<p><em>Aber<\/em> <\/p>\n<p>Wir haben ihm viel zu verdanken. Er hat Hakan Calhanoglu verpflichtet, ein Talent, was sich hoffentlich (hoffentlich, hoffentlich) gut bei uns entwickeln wird, brachte uns Milan Badelj, Per Skjelbred, verl\u00e4ngerte mit dem Hoffnungstr\u00e4ger Maxi Beister, und und und. Mit Jonathan Tah haben wir in der U19 ein begehrtes Talent, es war sein Verdienst, da\u00df er bei uns geblieben ist.<\/p>\n<p>Wenn es also verfehlte Ziele und unterschiedliche Vorstellungen bei der Ausrichtung des Vereins in der Zukunft gibt, dann meine ich h\u00e4tte man das mit ihm bestimmt regeln und in den Griff bekommen k\u00f6nnen.<\/p>\n<p>Seine Entlassung war unw\u00fcrdig und DAS hat er nicht verdient. Nein, das hat er nicht. Er hat sich an alle Situationen angepasst, hat versucht sein bestes daraus zu machen und im Grund ist es sein Verdienst, da\u00df mit der Mannschaft die letztes Jahr 36 Punkte holte, dieses Jahr 48 geholt worden sind. <\/p>\n<p>Was bleibt ist Dankesch\u00f6n zu sagen. Danke Frank Arnesen!<\/p>\n<h2>Ausichtsrat<\/h2>\n<p>In der <a href=\"http:\/\/www.rautenradio.de\/podcast\/rr015-finale\" target=\"_blank\">Episode 15<\/a> vom Rautenradio habe ich noch zu Sven gesagt, da\u00df es so herrlich ruhig rund um den Aufsichtsrat ist. Es gab den Facebook Eintrag vom Ausichtsratsvorsitzendem, in dem er JVA Witze \u00fcber Uli Hoene\u00df gepostet hat, was im Verein \u00fcberhaupt keine Konsequenzen hatte, aber ansonsten war es ziemlich ruhig.<\/p>\n<p>Bis heute morgen.<\/p>\n<p>Es darf nicht passieren, da\u00df ein potentieller Kandidat in der Presse einen Posten absagt, der noch gar nicht vergeben werden mu\u00df. Was ist das f\u00fcr eine Arbeitsethik? Was ist das f\u00fcr eine, sorry liebe Kinder, verfickte Schei\u00dfe? <\/p>\n<p>Fangen wir das ganze aber mal anders an.<\/p>\n<p>Der Vertrag von Frank Arnesen l\u00e4uft 2014 aus. Das tut er immer noch, er ist ja nur beurlaubt. Als guter Aufsichtsrat mu\u00df ich mir heute schon Gedanken machen, was passiert, wenn der Vertrag nicht verl\u00e4ngert wird. Es h\u00e4tte ja auch gut sein k\u00f6nne, da\u00df Frank Arnesen einfach kein Bock mehr hat und nicht verl\u00e4ngern will. Also mu\u00df ich was tun. Ich mu\u00df potentielle Kandidaten anfragen, ich glaube das ist ein v\u00f6llig normale Geschichte in der Gesch\u00e4ftswelt.<\/p>\n<p>Andererseits kann es ja sein, da\u00df beim der Vorstellung der neuen Spieler f\u00fcr die Saison 2012\/2013 der Sportvorstand dem Aufsichtsrat seine Planung vorgestellt hat: Wir erreichen folgende Ziele: 1., 2., 3.<br \/>\nDiese Ziele wurden nun \u00fcberpr\u00fcft und im Aufsichtsrat wurde festgestellt, da\u00df diese Ziele nicht erreicht wurden. Auch das ist ein v\u00f6llig normaler Gesch\u00e4ftsprozess und kommt so in tausenden von Aufsichtsr\u00e4ten vor. <\/p>\n<p>In beiden F\u00e4llen hat der Aufsichtsrat einfach nur seinen Job gemacht. Und das ist auch richtig so. <\/p>\n<p>Wenn ich aber dieses Bild sehe, dann glaube ich da einfach nicht dran:<br \/>\n<a href=\"http:\/\/www.nedsblog.de\/wp-content\/uploads\/2013\/05\/unser-AR-vorsitzender.jpg\"><img loading=\"lazy\" decoding=\"async\" src=\"http:\/\/www.nedsblog.de\/wp-content\/uploads\/2013\/05\/unser-AR-vorsitzender.jpg\" alt=\"unser AR vorsitzender\" width=\"539\" height=\"372\" class=\"alignnone size-full wp-image-6075\" srcset=\"http:\/\/www.nedsblog.de\/wp-content\/uploads\/2013\/05\/unser-AR-vorsitzender.jpg 539w, http:\/\/www.nedsblog.de\/wp-content\/uploads\/2013\/05\/unser-AR-vorsitzender-300x207.jpg 300w\" sizes=\"auto, (max-width: 539px) 100vw, 539px\" \/><\/a><br \/>\nDies ist ein Screenshot der Facebookgruppe <a href=\"https:\/\/www.facebook.com\/groups\/130990903639255\/\" target=\"_blank\">Lieber Herr Magath, kommen Sie nach Hause!<\/a>.<br \/>\n<small>(Ich habe am 22.05.2013 um 15:40h einen Screenshot der Gruppenmitglieder gemacht, mittlerweile ist der Aufsichtsratsvorsitzende nicht mehr Mitglied dieser Gruppe)<\/small><br \/>\nUnser Aufsichtsratsvorsitzende ist dort vor \u00fcber einem Jahr als Mitglied beigetreten. Da frage ich mich doch, welche Intentionen hinter der jetzigen Entwicklung steckt. Klar, auch der Aufsichtsratsvorsitzende ist eine Privatperson. Dennoch steht er gerade als Vorsitzender immer im Blick der \u00d6ffentlichkeit und mu\u00df wissen, welche Konsequenzen sein privates handeln hat. Meiner Meinung nach ist das nicht mehr tragbar und es w\u00e4re gut, wenn er seinen Posten abgibt und sein Mandat niederlegt.<\/p>\n<p>In der Presse liest man, da\u00df immer wieder Aufsichtsratsmitglieder bei verschiedenen in Frage kommenden Personen (Rettig, Schmadtke, Magath, Beiersdorfer, Kreuzer) eigenm\u00e4chtig angefragt haben, ob sie sich die Arbeit beim HSV vorstellen k\u00f6nnen. Am Ende soll dann der Personalrat ohne R\u00fccksprache mit dem restlichen Aufsichtsrat konkrete Gespr\u00e4che mit einigen Kandidaten gef\u00fchrt haben. Anscheinend f\u00fchlten sich dadurch die anderen Ratsmitglieder hintergangen und so kamen pl\u00f6tzlich Verhandlungen mit Nachfolger f\u00fcr einen Posten in die \u00d6ffentlichkeit, die da \u00fcberhaupt nichts zu suchen haben. Das ist untragbar!<\/p>\n<p>Nun sind wir wieder die Lachnummer der Nation, schaffen es in die Schlagzeilen mit einer Posse, die in der Bundesliga seines Gleichen sucht. Es kann meiner Meinung nach nur eine Konsequenz geben: <strong>Alle Ratsmitglieder m\u00fcssen ihre \u00c4mter niederlegen.<\/strong><\/p>\n<h2>Fazit<\/h2>\n<p>Ich bin traurig, w\u00fctend und stehe fassungslos vor einem Scherbenhaufen. Es f\u00fchlt sich echt beschissen an, wenn man hilflos vor diesen Entwicklungen steht und NICHTS tun kann. Ich habe mein Herz an diesen Verein verloren, ich kann nicht einfach wechseln und weiter machen. Der HSV ist mein Verein! <\/p>\n<p>Wichtige Problemfelder k\u00f6nnen in dieser Sommerpause nicht angegangen werden, da wir uns mal wieder mit uns selber besch\u00e4ftigen m\u00fcssen. Das ist alles so unfassbar schlecht.<\/p>\n<p>Am 2.06.2013 ist die n\u00e4chste Mitgliederversammlung. Der Aufsichtsrat mu\u00df sich dort den Mitgliedern stellen und Fragen beantworten.<br \/>\nAus welchem Grund wurde bei Frank Arnesen keine Mehrheit f\u00fcr eine Vertragsverl\u00e4ngerung gefunden, w\u00e4hren die andern beiden Vorst\u00e4nde trotz Millionenminus einen neuen Vertrag erhalten? Was genau hat Frank Arnesen falsch gemacht? Diese Fragen m\u00fcssen beantwortet werden.<\/p>\n<p>Zur Not werde ich diese Fragen stellen. Das ist mein Recht und in diesem Fall sogar meine Pflicht als Mitglied des HSV e.V.<\/p>\n<p>In diesem Sinne: <strong>Nur der HSV!<\/strong><\/p>\n","protected":false},"excerpt":{"rendered":"<p>Normalerweise habe ich eine feste Reihenfolge in meinem R\u00fcckblick: Statistik, Spielerbewertung und Gremien. Der Beitrag f\u00fcr die Spieler ist noch nicht fertig, dennoch werde ich jetzt auf die Gremien des HSV r\u00fcckblicken, weil der HSV sich &#8222;einvernehmlich&#8220; von seinem Sportvorstand Frank Arnesen getrennt hat.<\/p>\n","protected":false},"author":2,"featured_media":0,"comment_status":"open","ping_status":"open","sticky":false,"template":"","format":"standard","meta":{"footnotes":""},"categories":[23,4],"tags":[120,642,286,266,639,396,114,415,149],"class_list":["post-6073","post","type-post","status-publish","format-standard","hentry","category-bundesliga","category-hsv","tag-aufsichtsrat","tag-bundesliga","tag-carl-edgar-jarchow","tag-frank-arnesen","tag-hsv","tag-joachim-hilke","tag-ruckblick","tag-saison-20122013","tag-vorstand"],"_links":{"self":[{"href":"http:\/\/www.nedsblog.de\/index.php?rest_route=\/wp\/v2\/posts\/6073","targetHints":{"allow":["GET"]}}],"collection":[{"href":"http:\/\/www.nedsblog.de\/index.php?rest_route=\/wp\/v2\/posts"}],"about":[{"href":"http:\/\/www.nedsblog.de\/index.php?rest_route=\/wp\/v2\/types\/post"}],"author":[{"embeddable":true,"href":"http:\/\/www.nedsblog.de\/index.php?rest_route=\/wp\/v2\/users\/2"}],"replies":[{"embeddable":true,"href":"http:\/\/www.nedsblog.de\/index.php?rest_route=%2Fwp%2Fv2%2Fcomments&post=6073"}],"version-history":[{"count":11,"href":"http:\/\/www.nedsblog.de\/index.php?rest_route=\/wp\/v2\/posts\/6073\/revisions"}],"predecessor-version":[{"id":6085,"href":"http:\/\/www.nedsblog.de\/index.php?rest_route=\/wp\/v2\/posts\/6073\/revisions\/6085"}],"wp:attachment":[{"href":"http:\/\/www.nedsblog.de\/index.php?rest_route=%2Fwp%2Fv2%2Fmedia&parent=6073"}],"wp:term":[{"taxonomy":"category","embeddable":true,"href":"http:\/\/www.nedsblog.de\/index.php?rest_route=%2Fwp%2Fv2%2Fcategories&post=6073"},{"taxonomy":"post_tag","embeddable":true,"href":"http:\/\/www.nedsblog.de\/index.php?rest_route=%2Fwp%2Fv2%2Ftags&post=6073"}],"curies":[{"name":"wp","href":"https:\/\/api.w.org\/{rel}","templated":true}]}}