{"id":6095,"date":"2013-05-26T21:45:57","date_gmt":"2013-05-26T20:45:57","guid":{"rendered":"http:\/\/www.nedsblog.de\/?p=6095"},"modified":"2013-05-26T21:45:57","modified_gmt":"2013-05-26T20:45:57","slug":"das-mittelfeld-mit-einer-bitte-an-euch-saison-20122013-ruckblick-iv","status":"publish","type":"post","link":"http:\/\/www.nedsblog.de\/?p=6095","title":{"rendered":"Das Mittelfeld, mit einer Bitte an euch. Saison 2012\/2013, R\u00fcckblick IV"},"content":{"rendered":"<p><a href=\"http:\/\/www.nedsblog.de\/?p=6042\" title=\"Achterbahn, Freakshow und mehr. Bundesliga 2012\/2013 R\u00fcckblick I\" target=\"_blank\">Statistik<\/a>, <a href=\"http:\/\/www.nedsblog.de\/?p=6073\" title=\"Der HSV sucht einen Sportvorstand, Teil 7346.\" target=\"_blank\">Gremien<\/a> und <a href=\"http:\/\/www.nedsblog.de\/?p=6070\" title=\"Die Spieler in der Abwehr. Saison 2012\/2013, R\u00fcckblick III mit #M\u00e4nntschn\" target=\"_blank\">Abwehr<\/a> habe ich ja schon r\u00fcckgeblickt, jetz komm ich zum <strong>Mittelfeld<\/strong>.<br \/>\n<!--more--><br \/>\nDas Herzst\u00fcck eines jeden Vereins, von hier soll das Spiel kontrolliert, die Taktik bestimmt und die Tore eingeleitet werden. Leider habe ich das in vielen Spielen nicht erkennen k\u00f6nnen. Diese wichtige Zone wurde sehr h\u00e4ufig mit langen B\u00e4llen vom Torwart oder der Abwehr \u00fcberbr\u00fcckt. Dabei sollen die zweiten B\u00e4lle gewonnen werden. Eine Frage stellt sich mir dann: Warum stehen wir im Mittelfeld nie so, da\u00df wir die zweiten B\u00e4lle dann auch gewinnen. In wievielen Spielen hat das gut geklappt? Ich kann mich erinnern, da\u00df da mal eins war, aber welches? Mehr war es doch nicht, oder irre ich?<\/p>\n<p>Aber genug der Kritik, kommen wir zu den Spielern.<\/p>\n<h2>Defensives Mittelfeld<\/h2>\n<p><strong>Tomas Rincon<\/strong><\/p>\n<p>Fu\u00dfballgott!<br \/>\nV\u00f6llig untersch\u00e4tzt meiner Meinung nach, wird er doch gerne auf seinen Einsatz und Willen reduziert. Aber ich meine er kann viel mehr. Er ist ein talentierter Fu\u00dfballer, der neben dem Einsatz auch viel Technik mit bringt. <\/p>\n<p>Okay, man liest raus, da\u00df ich ihn mag. Da f\u00e4llt mir eine objektive Betrachtung recht schwer. Ich m\u00f6chte ihn ungern ziehen lassen, aber ich denke er ist nicht die erste Wahl auf dieser Position.<\/p>\n<p><strong>Gojko Kacar<\/strong><\/p>\n<p>Das gern genannte Beispiel f\u00fcr das Scheitern unseres ehemaligen Sportvorstandes. Ein Spieler bei dem man immer h\u00f6rt, was ein Potential er hat, er k\u00f6nnte die ideale Besetzung im defensivem Mittelfeld sein.<\/p>\n<p>Gesehen habe ich davon nichts. Am schlimmsten war sein Auftritt in der zweiten Mannschaft, als er bei einem Konter gegen uns erstmal lieber am Mittelkreis sein Haarband zurecht ger\u00fcckt hat. Er soll gehen, bekommt aber bei uns so viel Geld, da\u00df es sehr schwer ist ihn zu verkaufen. Mal sehen, was der neue Sportvorstand da richten kann.<\/p>\n<p><strong>Tolgay Arslan<\/strong><\/p>\n<p>Kam auf die Position im defensiven Teil des Mittelfelds wie die Jungfrau zum Kinde. Und wollte es versuchen, alles geben. Das finde ich gut, er sagte mal, da\u00df es ihm egal ist, wo der Trainer ihn hin stellt, er wird dort spielen und sein bestes geben. Das h\u00f6rt das Fan Herz sehr gerne. Er gefiel mir defensiv auch besser als offensiv. Er schien vorne \u00fcberfordert, defensiv gefiel er mir besser. <\/p>\n<p>Was er dringend abstellen mu\u00df ist das Meckern. Damit f\u00e4ngt er sich zu schnell eine gelbe Karte ein und ist dann gehemmt, wenn es in der Defensive zur Sache geht.<br \/>\nDen Ball behaupten und verteilen kann er gut. 84% seiner P\u00e4sse kommen an, ist damit der beste in dieser Kategorie. Ich mag es, wenn ein guter Fu\u00dfballer in der Defensive steht. Mit Milan k\u00f6nnte er in der n\u00e4chsten Saison das Duo auf der Doppel sechs sein.<\/p>\n<p><strong>Milan Badelj<\/strong><\/p>\n<p>Ich mu\u00df aufpassen, da\u00df ich nicht zu sehr ins Schw\u00e4rmen gerate. Aber was f\u00fcr ein guter Fu\u00dfballer ist er bitte? Er denkt immer mindestens zwei Schritte voraus, damit k\u00f6nnen seine Mitspieler noch nicht umgehen. Seine Spieler\u00f6ffnung ist immer schnell und im Moment noch sehr riskant. Was aber daran liegt, da\u00df seine Mitspieler nicht so schnell mitdenken.<br \/>\nWas man bei all dem nicht vergessen darf: Dies ist seine erste Bundesliga Saison. Bisher spielte er nur in Kroatien. Daf\u00fcr hat er eine verdammt gute Saison gespielt, mir f\u00e4llt auf die Schnelle kein anderer ehemaliger Spieler ein, der auf der Position so viel Potential hatte. <\/p>\n<p>Die Nummer 14 ist eine sehr wichtige Nummer bei uns im Verein. Ich finde er hat sie bisher w\u00fcrdig vertreten.<\/p>\n<p>Weiterhin durften sich auf der Position Heiko Westermann und Dennis Aogo versuchen. Westermann war ein fehlgeschlagener Versuch, da\u00df hat man zum Gl\u00fcck schnell erkannt. Dennis Aogo dagegen ist sehr interessant auf dieser Position. Er ist am Ball sehr gut, ist Laufstark und hat die entsprechende H\u00e4rte. Ich hoffe das ist kein einmaliges Experiment gewesen, sondern eine echte Alternative. <\/p>\n<h2>Offensives Mittelfeld<\/h2>\n<p><strong>Maxi Beister<\/strong><\/p>\n<p>Wenn sein Name im Stadion gerufen wird, ist es immer wenig lauter. In ihm stecken so viele Hoffnungen und Erwartungen. Er ist das Aush\u00e4ngeschild der als gescheitert und verfehlt geltender Jugendarbeit beim HSV.<br \/>\nUnd ehrlich gesagt: Das merkt man auch. Der Druck, der anscheinend auf ihm lastet, ist irgendwie zu sp\u00fcren. Er will es immer mit aller Macht schaffen, das entscheidene Tor schie\u00dfen, der Spieler zu sein, der das Spiel entscheidet.<\/p>\n<p>Ich h\u00e4tte gerne einfach den Maxi Beister, der Fu\u00dfball spielt. Sich weniger fallen l\u00e4\u00dft, weniger meckert und wieder mehr Spa\u00df am Spiel hat. Ansonsten wird er immer ein Erg\u00e4nzungsspieler bleiben. <\/p>\n<p><strong>Petr Jiracek<\/strong><\/p>\n<p>In der Saison dachte ich mal, er mu\u00df dem Trainer in den Pool gepinkelt haben. Da haben wir einen Nationalspieler in den Reihen und den setzen wir nur auf die Bank. Gut, er war lange verletzt, brauchte Zeit um richtig in Form zu kommen, aber es gab Zeiten, da dachte ich, da\u00df weder der Sportvorstand noch der Trainer diesen Spieler tats\u00e4chlich haben wollte. Ups. Da war ja was&#8230;<\/p>\n<p>Im Spiel wirkte er dann aber oft wenig integriert. Es sah immer so aus, als wenn er nicht w\u00fc\u00dfte, wo er stehen soll, welche Laufwege er einzuschlagen hat. <\/p>\n<p>Ich bin aber zuversichtlich, da\u00df es n\u00e4chste Saison mehr von ihm zu sehen gibt.<\/p>\n<p><strong>Per Skjelbred<\/strong><\/p>\n<p>Noch so eine \u00dcberraschung. Auf den Verkaufslisten im Sommer und im Winter war sein Name immer aufgef\u00fchrt.<br \/>\nUnd dann findet er sein Platz im Team. War es gewollt, war es geplant? Nein, eher Zufall meine ich. Aber das war ihm egal, er hat immer alles reingeworfen.<\/p>\n<p>Ich hatte in dieser Saison ein Interview bei 90elf und hatte die M\u00f6glichkeit dem Trainer Thorsten Fink eine Frage zu stellen. Meine Idee war, da\u00df wir Per Skjelbred als Rechtsverteidiger ausbilden. Ich meine in der Defensive liegen seine St\u00e4rke, im Aufbauspiel und Torabschlu\u00df haben wir fast gar nichts von ihm gesehen. Im System von Thorsten Fink passt er damit als Rechtsverteidiger nicht. Aber in den letzten beiden Spielen haben wir eh sehr defensiv gestanden, die Au\u00dfen nicht so hoch, also w\u00fcrde er da sehr gut passen.<\/p>\n<p><strong>Dennis Aogo<\/strong><\/p>\n<p>Unser ehemaliger Linksverteidiger. R\u00fcckte nach seiner langen Abwesenheit ins Mittelfeld. Dort ist er sehr sehr wertvoll, ich glaube das moderne Wort f\u00fcr sein Spiel ist fluid. Er bleibt nicht streng auf seiner linken Seite kleben, sondern rochiert defensiv wie auch offensiv pber den ganzen Platz.<\/p>\n<p>Dennoch habe ich Kritikpunkte an ihm: Sollten die Presseberichte stimmen und er nur widerwillig die Linsverteidigerposition im Spiel gegen den FC Bayern eingenommen haben, dann hat er sehr viel Kredit bei mir verloren. Das geht gar nicht. Danach hatte er es auch beim Trainer sehr schwer, kam nur noch zum Einsatz, wenn es gar nicht mehr anders ging. Ich hoffe das hat ihn zum Denken verleitet.<\/p>\n<p><strong>Ivo Ilicevic<\/strong><\/p>\n<p>H\u00e4tten wir nicht Marcus Berg im Kader, w\u00e4re er der Pechvogel der Saison. Eine Verletzung jagte die andere, er war nie richtig fit.<\/p>\n<p>Ich bin immer noch der Meinung, da\u00df Ivo der beste Fu\u00dfballer im Kader ist. Mit dem Ball am Fu\u00df ist er ne Wucht. Aber dennoch: Er wird es nicht \u00fcber einen Erg\u00e4nzungsspieler bei uns hinaus bringen. Also sollt man ihn schnell verkaufen, was einen Leser dieses kleinen Blogs sehr freuen w\u00fcrde ;-)<\/p>\n<p><strong>Rafael van der Vaart<\/strong><\/p>\n<p>Das habe ich mir f\u00fcr den Schlu\u00df aufbewahrt.<br \/>\nWas ich bei seiner Verpflichtung <a href=\"http:\/\/www.nedsblog.de\/?p=5177\" target=\"_blank\">gedacht und geschrieben<\/a> habe, ist bekannt. <\/p>\n<p>Bevor ich anfange, m\u00f6chte ich von euch gerne wissen, wie ihr ihn in dieser Saison gesehen habt. Ich w\u00e4re total begeistert, wenn ihr mir ein zwei Worte in die Kommentare tippt, wie ihr seine Leistung so einsch\u00e4tzt.<\/p>\n<p>Ich werde dann einen eigenen Beitrag nur f\u00fcr ihn schreiben, in dem ich euere Kommentare aufnehme und darauf eingehe. Nat\u00fcrlich wird es auch meine eigene Meinung zu ihm geben.<\/p>\n<p>Also: Schreibt mir eure Meinung zu Rafael van der Vaart gleich unten in die Kommentare.<\/p>\n<h2>Statistik<\/h2>\n<p>Im Mittelfeld ist es sehr schwer eine Statistik zu finden, die den besonderen Wert eines Spielers heraus stellt. Klar, in der Offensive kann am die Torvorlagen (10 von van der Vaart, 5 von Badelj) oder meinen Offensiven Faktor (auf 90 Minuten pro Spiel hochgerechnet: van der Vaart und Beister 6, Aogo und Ivo 4, Badelj 3 und der Rest zwischen 0 und 2) aber das sagt nicht so viel aus.<\/p>\n<p>Noch weniger sagt diese Statistik aus:<br \/>\n<a href=\"http:\/\/www.nedsblog.de\/wp-content\/uploads\/2013\/05\/saison_performance.jpg\"><img decoding=\"async\" src=\"http:\/\/www.nedsblog.de\/wp-content\/uploads\/2013\/05\/saison_performance.jpg\" alt=\"saison_performance\" width=\"600\" class=\"alignnone size-full wp-image-6108\" srcset=\"http:\/\/www.nedsblog.de\/wp-content\/uploads\/2013\/05\/saison_performance.jpg 1500w, http:\/\/www.nedsblog.de\/wp-content\/uploads\/2013\/05\/saison_performance-300x191.jpg 300w, http:\/\/www.nedsblog.de\/wp-content\/uploads\/2013\/05\/saison_performance-1024x651.jpg 1024w\" sizes=\"(max-width: 1500px) 100vw, 1500px\" \/><\/a><\/p>\n<p>Ich habe alle Spieler, fast alle Statistik Kategorien in eine Grafik gepresst. Sagt nichts aus, aber sieht gut aus.<\/p>\n<p>In diesem Sinne:<strong> Nur der HSV!<\/strong><\/p>\n","protected":false},"excerpt":{"rendered":"<p>Statistik, Gremien und Abwehr habe ich ja schon r\u00fcckgeblickt, jetz komm ich zum Mittelfeld.<\/p>\n","protected":false},"author":2,"featured_media":0,"comment_status":"open","ping_status":"open","sticky":false,"template":"","format":"standard","meta":{"footnotes":""},"categories":[23,4],"tags":[642,128,181,639,326,10,164,429,285,437,441,415,646,502,407,143],"class_list":["post-6095","post","type-post","status-publish","format-standard","hentry","category-bundesliga","category-hsv","tag-bundesliga","tag-dennis-aogo","tag-gojko-kacar","tag-hsv","tag-ivo-ilicevic","tag-kader","tag-maxi-beister","tag-milan-badelj","tag-per-skjelbred","tag-petr-jiracek","tag-rafael-van-der-vaart","tag-saison-20122013","tag-statistik","tag-statistik-die-keiner-braucht","tag-tolgay-arslan","tag-tomas-rincon"],"_links":{"self":[{"href":"http:\/\/www.nedsblog.de\/index.php?rest_route=\/wp\/v2\/posts\/6095","targetHints":{"allow":["GET"]}}],"collection":[{"href":"http:\/\/www.nedsblog.de\/index.php?rest_route=\/wp\/v2\/posts"}],"about":[{"href":"http:\/\/www.nedsblog.de\/index.php?rest_route=\/wp\/v2\/types\/post"}],"author":[{"embeddable":true,"href":"http:\/\/www.nedsblog.de\/index.php?rest_route=\/wp\/v2\/users\/2"}],"replies":[{"embeddable":true,"href":"http:\/\/www.nedsblog.de\/index.php?rest_route=%2Fwp%2Fv2%2Fcomments&post=6095"}],"version-history":[{"count":5,"href":"http:\/\/www.nedsblog.de\/index.php?rest_route=\/wp\/v2\/posts\/6095\/revisions"}],"predecessor-version":[{"id":6111,"href":"http:\/\/www.nedsblog.de\/index.php?rest_route=\/wp\/v2\/posts\/6095\/revisions\/6111"}],"wp:attachment":[{"href":"http:\/\/www.nedsblog.de\/index.php?rest_route=%2Fwp%2Fv2%2Fmedia&parent=6095"}],"wp:term":[{"taxonomy":"category","embeddable":true,"href":"http:\/\/www.nedsblog.de\/index.php?rest_route=%2Fwp%2Fv2%2Fcategories&post=6095"},{"taxonomy":"post_tag","embeddable":true,"href":"http:\/\/www.nedsblog.de\/index.php?rest_route=%2Fwp%2Fv2%2Ftags&post=6095"}],"curies":[{"name":"wp","href":"https:\/\/api.w.org\/{rel}","templated":true}]}}