{"id":6114,"date":"2013-05-30T20:29:35","date_gmt":"2013-05-30T19:29:35","guid":{"rendered":"http:\/\/www.nedsblog.de\/?p=6114"},"modified":"2013-05-30T20:29:35","modified_gmt":"2013-05-30T19:29:35","slug":"rafael-van-der-vaart-saison-20122013-ruckblick-v","status":"publish","type":"post","link":"http:\/\/www.nedsblog.de\/?p=6114","title":{"rendered":"Rafael van der Vaart. Saison 2012\/2013, R\u00fcckblick V"},"content":{"rendered":"<p>Was habe ich nicht alles schon geschrieben: <a href=\"http:\/\/www.nedsblog.de\/?p=6042\" title=\"Achterbahn, Freakshow und mehr. Bundesliga 2012\/2013 R\u00fcckblick I\" target=\"_blank\">Statistiken<\/a>, <a href=\"http:\/\/www.nedsblog.de\/?p=6073\" title=\"Der HSV sucht einen Sportvorstand, Teil 7346.\" target=\"_blank\">Gremien<\/a>, <a href=\"http:\/\/www.nedsblog.de\/?p=6070\" title=\"Die Spieler in der Abwehr. Saison 2012\/2013, R\u00fcckblick III mit #M\u00e4nntschn\" target=\"_blank\">Abwehr<\/a>, <a href=\"http:\/\/www.nedsblog.de\/?p=6095\" title=\"Das Mittelfeld, mit einer Bitte an euch. Saison 2012\/2013, R\u00fcckblick IV\" target=\"_blank\">Mittelfeld<\/a>. Zum zuletzt ver\u00f6ffentlichen Beitrag habt ihr fleissig kommentiert, daf\u00fcr ein Danke!<br \/>\nNun also die Analyse von <\/p>\n<h2>Rafael van der Vaart<\/h2>\n<p><!--more--><\/p>\n<p><strong>Euer Fazit<\/strong><br \/>\nIch versuche mal die wichtigsten Aussagen eurer Kommentare zusammen zu fassen und werde dann dazu jeweils meine Meinung \u00e4u\u00dfern.<\/p>\n<p><strong>Seine Rolle<\/strong>:<br \/>\n&#8211; zur\u00fcckgekehrte Ikone<br \/>\n&#8211; kein F\u00fchrungsspieler<br \/>\n&#8211; Aufmerksamkeit\/Druck von der Mannschaft nehmen<br \/>\n&#8211; Stabilit\u00e4t in die Mannschaft bringen<br \/>\n&#8211; Standards<br \/>\n&#8211; Bekenntnis zum HSV in einer schwierigen Zeit<br \/>\n&#8211; Kann das Spiel nicht an sich rei\u00dfen, wenn das Spiel gut l\u00e4uft macht er uns besser<br \/>\n&#8211; Stellt sich in den Dienst der Mannschaft<br \/>\n&#8211; kann mit Badelj ein gutes Mittelfeld bilden<br \/>\n&#8211; er ist kein defensiver Mittelfeldspieler<br \/>\n&#8211; Leidenschaft und Einsatz<\/p>\n<p>Seine Leistungen<br \/>\n&#8211; falsch eingesetzt<br \/>\n&#8211; ein paar starke Spiele<br \/>\n&#8211; Laufstrecke top, Sprints flop.<br \/>\n&#8211; 10 Torvorlagen, 5 Tore<br \/>\n&#8211; wichtige Tore<br \/>\n&#8211; insegesamt schwach<br \/>\n&#8211; die ersten paar Spiele hat er uns den Arsch gerettet<br \/>\n&#8211; neben dem Platz mehr als auf dem Platz geleistet<br \/>\n&#8211; private Situation hat ihn sehr belastet<br \/>\n&#8211; n\u00e4chste Saison mu\u00df er zulegen<br \/>\n&#8211; gute Defensivarbeit<br \/>\n&#8211; er wei\u00df nicht warum er wohin l\u00e4uft<br \/>\n&#8211; steht anderen im Weg im Mittelfeld<br \/>\n&#8211; sein Potential ist gr\u00f6\u00dfer<br \/>\n&#8211; er spielt mannschaftsdienlich<br \/>\n&#8211; zu selten den Unterschied gemacht<br \/>\n&#8211; versteckte sich sogar<\/p>\n<p>Seine Wirkung<br \/>\n&#8211; K\u00fchne ist raus<br \/>\n&#8211; Trikotverkauf gestiegen<br \/>\n&#8211; Schl\u00fcsselspieler<br \/>\n&#8211; bei der Verpflichtung sehr wichtig f\u00fcr den Verein<br \/>\n&#8211; zu teuer<br \/>\n&#8211; K\u00fchne hat ja gezahlt<br \/>\n&#8211; Brustl\u00f6ser\/Druckableiter f\u00fcr die Mannschaft (vor allem f\u00fcr Westermann)<br \/>\n&#8211; Aggressive leader<br \/>\n&#8211; Verpflichtung gab ein positives Gef\u00fchl<br \/>\n&#8211; er kostete und wird viel Geld kosten<br \/>\n&#8211; hat unrealistische Saisonziele suggeriert<br \/>\n&#8211; hemmt die Entwicklung des Vereins<br \/>\n&#8211; Privatleben sehr \u00f6ffentlich<br \/>\n&#8211; &#8222;Ausbilder&#8220; f\u00fcr Calhanoglu<br \/>\n&#8211; in der Kabine\/Umfeld des HSV sehr postitiv (mehr sogar als der Trainer)<br \/>\n&#8211; Licht und Schatten<br \/>\n&#8211; nicht an fr\u00fcheren Leistungen und Transfersumme messen<\/p>\n<p>Euer Fazit ist also nicht eindeutig. Das war aber auch nicht zu erwarten, zu sehr hat er die Fans gespalten.<br \/>\nVielen Dank an euch alle f\u00fcr eure Meinungen. Ich f\u00fchlte mich dadurch mit meiner nicht alleine. Auch habe ich viele Argumente gelesen, die f\u00fcr ihn sprechen. Das finde ich klasse, da es mich meine Argumente immer wieder \u00fcberdenken l\u00e4\u00dft.<\/p>\n<p><strong>Mein Fazit<\/strong><br \/>\nEs bleibt f\u00fcr mich unter dem Strich: wir haben 13,5 Mio. Euro f\u00fcr einen Spieler ausgegeben, der ein Versprechen war. Der eine Hoffnung auf bessere Zeiten versprach, das Spiel strukturieren sollte, die Kreativit\u00e4t steigern und uns verbessert.<br \/>\nVieles davon ist in dieser Saison nicht eingetreten. Im Mittelfeld klafft immer noch eine L\u00fccke, die so gro\u00df ist, da\u00df selbst Laien wie ich sie erkennen. Liegt das an van der Vaart? Nein, wie oben von meinen Lesern schon dargestellt, wurde er zu oft falsch eingesetzt. Aber wer wenn nicht van der Vaart kann da beim Trainer was bewegen? <\/p>\n<p>N\u00e4chstes Jahr kostet er uns weiterhin viel Geld. Seine Rolle in der Mannschaft ist neben dem Platz wichtiger als auf, aber mu\u00df man daf\u00fcr Geld ausgeben, welches nicht da ist? Geschenkt haben wir ihn ja nicht bekommen!<\/p>\n<p>Ich bin der festen \u00dcberzeugung, da\u00df wir gerade in dieser Saison nicht abgestiegen w\u00e4ren, wenn er nicht verpflichtet worden w\u00e4re. Und da frag ich mich, ob der Hohe Preis sich gelohnt hat.<\/p>\n<p>Er wird einer der Gr\u00fcnde sein, warum sich der Verein nicht weiter entwickeln wird. Ich hoffe, da\u00df ich v\u00f6llig falsch liege, versteht mich da bitte nicht falsch. <\/p>\n<p>Rafael van der Vaart ist der Kapit\u00e4n des HSV. Damit ist klar, da\u00df er immer auf dem Platz stehen wird, egal wie gut oder schlecht er spielt. Es glaubt doch wirklich niemand, da\u00df Thorsten Fink ihn auf die Bank setzen wird, oder? Selbst wenn er es wollte, will er sich dem Druck der \u00d6ffentlichkeit stellen?<\/p>\n<p>Meine Meinung \u00fcber die Verpflichtung hat sich im Laufe der Saison nicht ge\u00e4ndert. Ich hoffe so sehr, da\u00df das n\u00e4chste Saison passiert.<\/p>\n<p>In diesem Sinne: <strong>Nur der HSV!<\/strong><\/p>\n","protected":false},"excerpt":{"rendered":"<p>Was habe ich nicht alles schon geschrieben: Statistiken, Gremien, Abwehr, Mittelfeld. Zum zuletzt ver\u00f6ffentlichen Beitrag habt ihr fleissig kommentiert, daf\u00fcr ein Danke! Nun also die Analyse von Rafael van der Vaart<\/p>\n","protected":false},"author":2,"featured_media":0,"comment_status":"open","ping_status":"open","sticky":false,"template":"","format":"standard","meta":{"footnotes":""},"categories":[1],"tags":[642,639,441,114,415],"class_list":["post-6114","post","type-post","status-publish","format-standard","hentry","category-allgemein","tag-bundesliga","tag-hsv","tag-rafael-van-der-vaart","tag-ruckblick","tag-saison-20122013"],"_links":{"self":[{"href":"http:\/\/www.nedsblog.de\/index.php?rest_route=\/wp\/v2\/posts\/6114","targetHints":{"allow":["GET"]}}],"collection":[{"href":"http:\/\/www.nedsblog.de\/index.php?rest_route=\/wp\/v2\/posts"}],"about":[{"href":"http:\/\/www.nedsblog.de\/index.php?rest_route=\/wp\/v2\/types\/post"}],"author":[{"embeddable":true,"href":"http:\/\/www.nedsblog.de\/index.php?rest_route=\/wp\/v2\/users\/2"}],"replies":[{"embeddable":true,"href":"http:\/\/www.nedsblog.de\/index.php?rest_route=%2Fwp%2Fv2%2Fcomments&post=6114"}],"version-history":[{"count":9,"href":"http:\/\/www.nedsblog.de\/index.php?rest_route=\/wp\/v2\/posts\/6114\/revisions"}],"predecessor-version":[{"id":6126,"href":"http:\/\/www.nedsblog.de\/index.php?rest_route=\/wp\/v2\/posts\/6114\/revisions\/6126"}],"wp:attachment":[{"href":"http:\/\/www.nedsblog.de\/index.php?rest_route=%2Fwp%2Fv2%2Fmedia&parent=6114"}],"wp:term":[{"taxonomy":"category","embeddable":true,"href":"http:\/\/www.nedsblog.de\/index.php?rest_route=%2Fwp%2Fv2%2Fcategories&post=6114"},{"taxonomy":"post_tag","embeddable":true,"href":"http:\/\/www.nedsblog.de\/index.php?rest_route=%2Fwp%2Fv2%2Ftags&post=6114"}],"curies":[{"name":"wp","href":"https:\/\/api.w.org\/{rel}","templated":true}]}}