{"id":6217,"date":"2013-07-12T09:52:21","date_gmt":"2013-07-12T08:52:21","guid":{"rendered":"http:\/\/www.nedsblog.de\/?p=6217"},"modified":"2013-07-12T09:52:21","modified_gmt":"2013-07-12T08:52:21","slug":"es-kommt-erst-einer-wenn-einer-geht","status":"publish","type":"post","link":"http:\/\/www.nedsblog.de\/?p=6217","title":{"rendered":"Es kommt erst einer, wenn einer geht"},"content":{"rendered":"<p>Der Vorstand und der Aufsichtsrat haben es dem neuen Sportvorstand unmi\u00dfverst\u00e4ndlich klar gemacht: Neue Spieler gibt es nur, wenn ein (zwei, drei, vier, dr\u00f6lf) Spieler den Verein verlassen.<\/p>\n<p><!--more--><\/p>\n<h2>Marcus Berg<\/h2>\n<p>Nun war es dann endlich so weit. Einen Tag sp\u00e4ter als geplant unterschrieb Marcus Berg seinen Aufl\u00f6sungsvertrag mit dem HSV. Eine reine Formsache, verk\u00fcndete sein neuer Verein <a href=\"http:\/\/www.pao.gr\/en\/news\/?itemid=2b85a528-bd19-4f1d-8ecc-01c1a6d1c1c1\" target=\"_blank\">Panathinaikos F.C.<\/a> bereits, da\u00df er ein 4 Jahresvertrag unterschrieben hat.<\/p>\n<p>Damit ist das Kapitel Marcus Berg beendet beim HSV beendet. <\/p>\n<p>Nach 70 Spielen, 13 Toren und 4 Torvorlagen in 3 Jahren beim HSV wechselt er Abl\u00f6sefrei. Mehr war nicht drin. So oder so. So, was seine Abl\u00f6se angeht. Es war klar, da\u00df wir kein Geld mehr f\u00fcr ihn bekommen, weil wir ihn jetzt endlich los werden wollten. Und so, was seine Leistung betrifft. Bei ihm mischte sich Pech (Verletzungen), Einstellung (er wirkte oft so lethargisch) und eine schwierige Gesamtsituation (Kader im Umbruch, wenig Vertrauen durch die Trainer).<\/p>\n<p>Ich bin nicht traurig, da\u00df er geht. Er hatte nie eine richtige Chance, nutzte die wenigen zu selten aus und belastete den Etat mit einem sehr hohem Jahregehalt. <\/p>\n<p>Dennoch hoffe ich, da\u00df er sich in Athen endlich wieder auf dem Platz zeigen kann. Ich werde das beobachten.<\/p>\n<h2>Lasse Sobiech<\/h2>\n<p>Der 7. Innenverteidiger ist nun Bestandteil des Kaders. 7! Ich dachte schon, da\u00df wir mit 4 Torh\u00fctern, davon 2 erstligareif, zuviel Spieler im Kader haben. Aber 7! Innenverteidiger? Spielen wir also in Zukunft 7-2-1?<\/p>\n<p>Aber kommen wir zu Lasse Sobiech. 22 Jahre alt, 196 cm gro\u00df, 24 Bundesligaspiele. Jung aber erfahren. Seine Spiele in der ersten Bundesliga machte er alle bei Greuther F\u00fcrth. Die sind abgestiegen, aber anscheinend war seine Leistung so gut, da\u00df unser Trainer ihn unbedingt verpflichten wollte.<br \/>\nWas man so h\u00f6rt, ist er ein Spieler, der nicht nur gro\u00df und robust ist, sondern auch den Aufbau gestalten kann. Allerdings ist er laut Aussagen des Trainers unser Innenverteidiger Nummer 3. Johan Djourou und Heiko Westermann gelten als IV Paar in der Startelf. Dann der Neue und hintendran?<br \/>\nTja hintendran. Wir haben noch Paul Scharner, Boban Rajkovic und Michael Mancienne im Kader. Dahinter wartet unsere Nachwuchshoffnung Jonathan Tah. Es mu\u00df also noch aufger\u00e4umt werden.<\/p>\n<p>Ich verstehe die Verpflichtung nicht, wir haben gen\u00fcgend Verteidiger im Kader. Aber anscheinend eben nicht die, die der Trainer m\u00f6chte. Ich finde das zeigt die Verpflichtung vom 7. Innenverteidiger, ohne da\u00df einer verkauft wurde. Die Verantwortlichen sehen also f\u00fcr die Innenverteidiger mit immerhin 34 Bundesligaspielen keine Zukunft beim HSV. Vor allem wird die Spieler\u00f6ffnung angef\u00fchrt, die bei den dreien wohl eher nicht gut bewertet wird.<\/p>\n<p>Thorsten Fink steht in der Verantwortung. Diese Saison hat er den Kader beisammen, den er haben wollte. Er mu\u00df also zeigen, da\u00df er die Mannschaft in den internationalen Wettbewerb f\u00fchren kann. Ich bin sehr gespannt.<\/p>\n<p>Lasse Sobiech hei\u00dfe ich nat\u00fcrlich Herzlich Willkommen und hoffe, da\u00df er die Hoffnung erf\u00fcllt die der Trainer und der Sportvorstand in ihn stecken. Es wird ein spannender Wettbewerb auf der Position der Innenverteidiger. Ich bin einer der ersten, der dies begr\u00fc\u00dft, weil sich so jeder Spieler im Training immer anbieten mu\u00df. Hoffen wir, da\u00df nach Leistung aufgestellt wird. Dann k\u00f6nnte ein Problem aus den letzten zwei Jahren (Gegentore!!!) gel\u00f6st werden.<\/p>\n<p>Hier einige ausgew\u00e4hlte Statistiken von squawka die Lasse Sobiech mit einigen neuen Mitspielern vergleicht:<br \/>\n<a href=\"http:\/\/www.nedsblog.de\/wp-content\/uploads\/2013\/07\/squawka-defensive-action.jpg\"><img loading=\"lazy\" decoding=\"async\" src=\"http:\/\/www.nedsblog.de\/wp-content\/uploads\/2013\/07\/squawka-defensive-action.jpg\" alt=\"squawka-defensive action\" width=\"1010\" height=\"392\" class=\"alignnone size-full wp-image-6219\" srcset=\"http:\/\/www.nedsblog.de\/wp-content\/uploads\/2013\/07\/squawka-defensive-action.jpg 1010w, http:\/\/www.nedsblog.de\/wp-content\/uploads\/2013\/07\/squawka-defensive-action-300x116.jpg 300w\" sizes=\"auto, (max-width: 1010px) 100vw, 1010px\" \/><\/a><\/p>\n<p><a href=\"http:\/\/www.nedsblog.de\/wp-content\/uploads\/2013\/07\/squawka-duels.jpg\"><img loading=\"lazy\" decoding=\"async\" src=\"http:\/\/www.nedsblog.de\/wp-content\/uploads\/2013\/07\/squawka-duels.jpg\" alt=\"squawka-duels\" width=\"1186\" height=\"382\" class=\"alignnone size-full wp-image-6220\" srcset=\"http:\/\/www.nedsblog.de\/wp-content\/uploads\/2013\/07\/squawka-duels.jpg 1186w, http:\/\/www.nedsblog.de\/wp-content\/uploads\/2013\/07\/squawka-duels-300x96.jpg 300w, http:\/\/www.nedsblog.de\/wp-content\/uploads\/2013\/07\/squawka-duels-1024x329.jpg 1024w\" sizes=\"auto, (max-width: 1186px) 100vw, 1186px\" \/><\/a><\/p>\n<p><a href=\"http:\/\/www.nedsblog.de\/wp-content\/uploads\/2013\/07\/squawka-passing.jpg\"><img loading=\"lazy\" decoding=\"async\" src=\"http:\/\/www.nedsblog.de\/wp-content\/uploads\/2013\/07\/squawka-passing.jpg\" alt=\"squawka-passing\" width=\"1091\" height=\"386\" class=\"alignnone size-full wp-image-6221\" srcset=\"http:\/\/www.nedsblog.de\/wp-content\/uploads\/2013\/07\/squawka-passing.jpg 1091w, http:\/\/www.nedsblog.de\/wp-content\/uploads\/2013\/07\/squawka-passing-300x106.jpg 300w, http:\/\/www.nedsblog.de\/wp-content\/uploads\/2013\/07\/squawka-passing-1024x362.jpg 1024w\" sizes=\"auto, (max-width: 1091px) 100vw, 1091px\" \/><\/a><\/p>\n<p>Zu finden ist das unter <a href=\"http:\/\/www.squawka.com\/football-player-rankings#performance-score#player-stats#german-bundesliga|season-2012\/2013#all-teams#all-player-positions#17#42#0#0#90#24\/08\/2012#18\/05\/2013#season#1#all-matches\" target=\"_blank\">squawka.com<\/a><\/p>\n<p>In diesem Sinne: <strong>Nur der HSV!<\/strong><\/p>\n","protected":false},"excerpt":{"rendered":"<p>Der Vorstand und der Aufsichtsrat haben es dem neuen Sportvorstand unmi\u00dfverst\u00e4ndlich klar gemacht: Neue Spieler gibt es nur, wenn ein (zwei, drei, vier, dr\u00f6lf) Spieler den Verein verlassen.<\/p>\n","protected":false},"author":2,"featured_media":0,"comment_status":"open","ping_status":"open","sticky":false,"template":"","format":"standard","meta":{"footnotes":""},"categories":[4,165],"tags":[639,10,518,146,431],"class_list":["post-6217","post","type-post","status-publish","format-standard","hentry","category-hsv","category-kader-hsv","tag-hsv","tag-kader","tag-lasse-sobiech","tag-marcus-berg","tag-saison-20132014"],"_links":{"self":[{"href":"http:\/\/www.nedsblog.de\/index.php?rest_route=\/wp\/v2\/posts\/6217","targetHints":{"allow":["GET"]}}],"collection":[{"href":"http:\/\/www.nedsblog.de\/index.php?rest_route=\/wp\/v2\/posts"}],"about":[{"href":"http:\/\/www.nedsblog.de\/index.php?rest_route=\/wp\/v2\/types\/post"}],"author":[{"embeddable":true,"href":"http:\/\/www.nedsblog.de\/index.php?rest_route=\/wp\/v2\/users\/2"}],"replies":[{"embeddable":true,"href":"http:\/\/www.nedsblog.de\/index.php?rest_route=%2Fwp%2Fv2%2Fcomments&post=6217"}],"version-history":[{"count":12,"href":"http:\/\/www.nedsblog.de\/index.php?rest_route=\/wp\/v2\/posts\/6217\/revisions"}],"predecessor-version":[{"id":6235,"href":"http:\/\/www.nedsblog.de\/index.php?rest_route=\/wp\/v2\/posts\/6217\/revisions\/6235"}],"wp:attachment":[{"href":"http:\/\/www.nedsblog.de\/index.php?rest_route=%2Fwp%2Fv2%2Fmedia&parent=6217"}],"wp:term":[{"taxonomy":"category","embeddable":true,"href":"http:\/\/www.nedsblog.de\/index.php?rest_route=%2Fwp%2Fv2%2Fcategories&post=6217"},{"taxonomy":"post_tag","embeddable":true,"href":"http:\/\/www.nedsblog.de\/index.php?rest_route=%2Fwp%2Fv2%2Ftags&post=6217"}],"curies":[{"name":"wp","href":"https:\/\/api.w.org\/{rel}","templated":true}]}}