{"id":6378,"date":"2013-08-02T13:55:23","date_gmt":"2013-08-02T12:55:23","guid":{"rendered":"http:\/\/www.nedsblog.de\/?p=6378"},"modified":"2013-08-02T13:55:23","modified_gmt":"2013-08-02T12:55:23","slug":"bundesliga-stoeckchen-201314","status":"publish","type":"post","link":"http:\/\/www.nedsblog.de\/?p=6378","title":{"rendered":"Bundesliga-St\u00f6ckchen 2013\/14"},"content":{"rendered":"<p>Die neue Saison steht vor der T\u00fcr, ich werfe ihr ein St\u00f6ckchen zu. Frau <del datetime=\"2013-08-02T12:13:57+00:00\">Streberin<\/del><a href=\"http:\/\/www.pleitegeiger.de\/archives\/6699\" target=\"_blank\">Pleitegeiger<\/a> hat zu erst geworfen, danach habe ich schon ein St\u00f6ckchen von <a href=\"http:\/\/www.twitter.com\/jens1893\" target=\"_blank\">@jens1893<\/a> <a href=\"http:\/\/brustring.wordpress.com\/2013\/08\/02\/bundesliga-stockchen-2013-2014\/\" target=\"_blank\">gefunden<\/a>.<\/p>\n<p>Dann geht es hier jetzt auch los!<\/p>\n<p><!--more--><\/p>\n<p><strong>Dein Verein hei\u00dft:<\/strong><br \/>\nNur der HSV! bei uns Fans, HSV e.V. ist der richtige Name, der sich aber so schlecht rufen l\u00e4\u00dft HSV EEH VAU!? Klingt komisch.<\/p>\n<p><strong>Wie lautet das offizielle Saisonziel, sofern es bekannt ist?<\/strong><br \/>\nDer Vorstand hat auf der Mitgliederversammlung deutlich gesagt, da\u00df er die Mannschaft auf einem besseren Platz als letzte Saison sehen will. Es ist also internationaler Wettbewerb als Ziel ausgegeben worden.<\/p>\n<p><strong>Wie lautet DEIN Saisonziel f\u00fcr Deinen Verein <del datetime=\"2013-08-02T12:13:57+00:00\">oder Deine Vereine<\/del>?<\/strong><br \/>\nIch will auch gerne nach Europa. Wirklich. Donnerstags abends Fu\u00dfballgucken ist schon cool.<\/p>\n<p>Viel wichtiger ist mir aber, da\u00df ich eine Entwicklung der Mannschaft sehe. Der Trainer hat nun gen\u00fcgend Zeit und vor allem diese Saison &#8222;seine&#8220; Spieler bekommen, das mu\u00df auf dem Platz sichtbar werden. Und wenn alle Spieler alle die Leistungen bringen, wir nicht wieder Achterbahn fahren, dann ist mit dem Kader auch der Platz 6 drin.<\/p>\n<p><strong>Welchen Spieler h\u00e4tte Deine Mannschaft in der Pause lieber nicht abgegeben?<\/strong><br \/>\nWir haben Son abgegeben und so wie es in der Vorbereitung aussah wird er uns fehlen. Weil eben 12 Tore gegangen sind. Bis zum 31.08. mu\u00df also noch ein St\u00fcrmer her. <\/p>\n<p><strong>Welchen Spieler h\u00e4tte Deine Mannschaft besser verkaufen sollen?<\/strong><br \/>\nIch bin f\u00fcr klare Aussagen bekannt:<br \/>\nAdler, Diekmeier, <del datetime=\"2013-08-02T12:13:57+00:00\">Bruma<\/del>, Westermann, Aogo, Rinc\u00f3n, Badelj, Skjelbred, van der Vaart, <del datetime=\"2013-08-02T12:13:57+00:00\">Son<\/del>, Rudnevs, Rajkovic, Arslan, Kacar.<br \/>\nDiese Spieler standen beim 2-9 in der letzten Saison auf dem Platz. So etwas darf sich einfach nicht wiederholen und ein Gro\u00dfteil der oben genannten Spieler sollten meiner Meinung nach daf\u00fcr bestraft werden.<br \/>\nJa, es gibt Spieler, die man aus der Kollektivschuld rausnehmen sollte (Rene Adler w\u00e4re da ein Beispiel) aber es geht mir da auch eher ums Prinzip.<br \/>\nDer Vorstandsvorsitzende hat nach dem Spiel Konsequenzen angek\u00fcndigt, diese will ich dann irgendwann auch mal sehen.<\/p>\n<p>Die Liste der noch abzugebenden Spieler ist lang und bekannt. Ich werfe den Namen Dennis Aogo dazu in den Ring.<\/p>\n<p><strong>Wen h\u00e4tte Deine Mannschaft diese Saison lieber NICHT gekauft?<\/strong><br \/>\nIch verstehe die Verpflichtung von Jacques Zoua <a href=\"http:\/\/www.nedsblog.de\/?p=6151\" title=\"Jacques Zoua und die Ohrfeige\" target=\"_blank\">nicht<\/a>. Aber er wird gen\u00fcgend Zeit von mir bekommen dieses Missverst\u00e4ndnis zu beheben.<\/p>\n<p><strong>Wer von den neuen Spielern wird Deiner Mannschaft am besten helfen?<\/strong><br \/>\nKerem Demirbay. Spielt frech von der Leber weg, ist im Training immer sehr fleissig. So werden die arrivierten Kandidaten auf seiner Positon (zweiter 6er neben Milan) zulegen m\u00fcssen um den Anschlu\u00df nicht zu verlieren. Das kann uns nur gut tun, denn gerade bei Tolgay Arslan ist noch Luft nach oben. Tomas Rincon wird (leider) das Nachsehen haben, er ist halt offensiv nicht so gut.<\/p>\n<p><strong>Wie wirst Du in dieser Saison Deine Mannschaft unterst\u00fctzen?<\/strong><br \/>\nDauerkarte Nordkurve 22C. Karten f\u00fcr die Spiele in Jena, AufSchalke und gegen die Hertha. Kann los gehen!<\/p>\n<p><strong>Wie findest Du das neue Trikot Deiner Mannschaft?<\/strong><br \/>\nDas Heimtrikot finde ich richtig klasse! Habe ich mir gerade sogar gekauft. Das Ausw\u00e4rtstrikot sieht vom weitem schnieke aus, leider aus der N\u00e4he nicht mehr. Das Ausweichtrikot&#8230; nunja, ganz in Rot? Ehrlich? Nee, gef\u00e4llt mir nicht.<\/p>\n<p><strong>Welcher St\u00fcrmer wird die Torj\u00e4gerkanone holen?<\/strong><br \/>\nSon ist weg, 12 Tore somit auch. Also schie\u00dft Rudi einfach 24 und ist damit im Rennen dabei. Es wird aber nicht Stefan Kie\u00dfling. Heung-Min wird so viele Torabschl\u00fcsse suchen, da bleibt f\u00fcr den K\u00f6nig der letzten Saison nicht mehr viel \u00fcbrig. Hat man ja bei Rudi gesehen ;-)<\/p>\n<p><strong>Welcher Trainer wird als erstes gefeuert?<\/strong><br \/>\nMit Hertha BSC kommt ja eigentlich ein Kandidat in die Liga zur\u00fcck, die den Trainerentlassungscolt ganz locker im G\u00fcrtel sitzen haben. Aber Jos Luhukay ist ein so guter Trainer, so doof ist nicht mal die Alte Tante aus Berlin.<br \/>\nDer VfB Stuttgart ist mir eigentlich egal, aber ich habe so viele sympathische Fans kennen lernen d\u00fcrfen, da\u00df die mir sehr am Herz h\u00e4ngen. Und diese Herzen haben im Moment arge Schmerzen, deswegen hoffe ich, da\u00df es Bruno Labbadia wird.<\/p>\n<p><strong>Welche Mannschaft wird das erste Tor der Saison schie\u00dfen?<\/strong><br \/>\nDie Gladbacher gehen in F\u00fchrung und die Bayern haben Schwierigkeiten das Spiel zu drehen. Schaffen es aber am Ende. Also: Ein Gladbacher, Patrick Herrmann sach ich mal.<\/p>\n<p><strong>Welche Mannschaften SOLLTEN absteigen?<\/strong><br \/>\nDie Westvorstadt ist ja wieder weg, die Sinsheimer w\u00e4ren es nur fast gewesen. Das k\u00f6nnte man mal gerade r\u00fccken. Ansonsten nervt mich Mainz, damit h\u00e4tten wir dann schon mal 2 Kandidaten. Braunschweig gebe ich eine Hinrunde Zeit sich bei mir beliebt zu machen. <\/p>\n<p><strong>Welche Mannschaft wird Meister?<\/strong><br \/>\nH\u00e4? ich verstehe die Frage nicht!<br \/>\nDer HSV selbstverst\u00e4ndlich. Wer denn sonst?<br \/>\nKomische Frage.<\/p>\n<p>Wenn ich nicht mehr an eine Meisterschaft glaube, wer dann?<\/p>\n<p><strong>Wenn Du nicht im Stadion bist, wo wirst Du die Spiele sehen?<\/strong><br \/>\nWenn es geht in der Ampel, meine Serie dort ist ziemlich gut. Da ich Karten f\u00fcr die ersten drei Ausw\u00e4rtsspiele habe, diese im Stadion. Sonst versuche ich mich immerhin am 17er: Alle Heimspiele im Stadion erleben.<\/p>\n<p><strong>Wie sehr vermisst Du die Bundesliga auf einer Skala von 1 bis 10 &#8211; wobei bei 1 so ziemlich keine Tr\u00e4ne nach der Bundesliga verdr\u00fcckt wird und 10 quasi bedeutet, da\u00df Du ernste Entzugserscheinungen hast?<\/strong><br \/>\nDa die letzte Saison nicht so schlimm war, wie die davor, brauchte ich keine echte Pause vom Fu\u00dfball. 10, definitv. Ich will die Jungs mit der Raute endlich wieder auf dem Platz sehen, m\u00f6chte im Stadion ein Cider trinken, mit der Liebsten neben mir die Mannschaft supporten und nach dem Spiel mit den Heinos bei Knappis \u00fcber das Spiel fachsimpeln.<br \/>\nFu\u00dfball ist so geil, weil nicht nur das Spiel toll ist sondern auch die Leute drumherum.<\/p>\n<p><strong>Wird es eine spannende Saison f\u00fcr Deine Mannschaft?<\/strong><br \/>\nJa sehr sogar. Der Trainer ist in der Pflicht und darauf bin ich sehr gespannt. Wie man hier lesen konnte halte ich nicht viel von Thorsten Fink als Trainer, aber er kann mich sehr gerne vom Gegenteil \u00fcberzeugen.<\/p>\n<p>Sonntag geht es los, ich freue mich so drauf!<br \/>\nIn diesem Sinne: <strong>Nur der HSV!<\/strong><\/p>\n","protected":false},"excerpt":{"rendered":"<p>Die neue Saison steht vor der T\u00fcr, ich werfe ihr ein St\u00f6ckchen zu. Frau StreberinPleitegeiger hat zu erst geworfen, danach habe ich schon ein St\u00f6ckchen von @jens1893 gefunden. Dann geht es hier jetzt auch los!<\/p>\n","protected":false},"author":2,"featured_media":0,"comment_status":"open","ping_status":"open","sticky":false,"template":"","format":"standard","meta":{"footnotes":""},"categories":[1,3,4],"tags":[642,639,454,66,431,27],"class_list":["post-6378","post","type-post","status-publish","format-standard","hentry","category-allgemein","category-blogs","category-hsv","tag-bundesliga","tag-hsv","tag-jens1893","tag-pleitegeiger","tag-saison-20132014","tag-stockchen"],"_links":{"self":[{"href":"http:\/\/www.nedsblog.de\/index.php?rest_route=\/wp\/v2\/posts\/6378","targetHints":{"allow":["GET"]}}],"collection":[{"href":"http:\/\/www.nedsblog.de\/index.php?rest_route=\/wp\/v2\/posts"}],"about":[{"href":"http:\/\/www.nedsblog.de\/index.php?rest_route=\/wp\/v2\/types\/post"}],"author":[{"embeddable":true,"href":"http:\/\/www.nedsblog.de\/index.php?rest_route=\/wp\/v2\/users\/2"}],"replies":[{"embeddable":true,"href":"http:\/\/www.nedsblog.de\/index.php?rest_route=%2Fwp%2Fv2%2Fcomments&post=6378"}],"version-history":[{"count":2,"href":"http:\/\/www.nedsblog.de\/index.php?rest_route=\/wp\/v2\/posts\/6378\/revisions"}],"predecessor-version":[{"id":6380,"href":"http:\/\/www.nedsblog.de\/index.php?rest_route=\/wp\/v2\/posts\/6378\/revisions\/6380"}],"wp:attachment":[{"href":"http:\/\/www.nedsblog.de\/index.php?rest_route=%2Fwp%2Fv2%2Fmedia&parent=6378"}],"wp:term":[{"taxonomy":"category","embeddable":true,"href":"http:\/\/www.nedsblog.de\/index.php?rest_route=%2Fwp%2Fv2%2Fcategories&post=6378"},{"taxonomy":"post_tag","embeddable":true,"href":"http:\/\/www.nedsblog.de\/index.php?rest_route=%2Fwp%2Fv2%2Ftags&post=6378"}],"curies":[{"name":"wp","href":"https:\/\/api.w.org\/{rel}","templated":true}]}}