{"id":6382,"date":"2013-08-05T15:35:21","date_gmt":"2013-08-05T14:35:21","guid":{"rendered":"http:\/\/www.nedsblog.de\/?p=6382"},"modified":"2013-08-05T15:35:21","modified_gmt":"2013-08-05T14:35:21","slug":"rekordpokalrunde","status":"publish","type":"post","link":"http:\/\/www.nedsblog.de\/?p=6382","title":{"rendered":"Rekordpokalrunde"},"content":{"rendered":"<p>Was ein Tag. Die Vorbereitung f\u00fcr das Spiel in Jena h\u00e4tte nicht schlechter sein k\u00f6nnen. Als ich am Freitag bei der Liebsten in Berlin eintraf, sah ich auf der Kommode bei ihr etwas liegen, was ich leider in Hamburg vergessen hatte.<\/p>\n<p><!--more--><\/p>\n<p>Das Ticket! Es lag noch in Hamburg.<br \/>\nSchnell die sozialen Kan\u00e4le genutzt, die man zu so einem Vorfall befragen kann, am Samstag morgen nach einem Telefonat mit dem HSV stand aber fest: Ab in den Zug nach Hamburg und das Ticket holen.<\/p>\n<p>5 Stunden sp\u00e4ter hatte ich es dann mit mir zusammen in Berlin. Ich tackerte es dann an meine Brust, damit ich es ja nicht wieder vergesse&#8230;<\/p>\n<p>Die Fahrt nach Jena am Sonntag vormittag wurde dann sehr vergn\u00fcglich, es wurden Abschlach! Lieder geschmettert und die Staus mit &#8222;och, wir haben doch noch genug Zeit&#8220; einfach ignoriert. <\/p>\n<p>Die Stadt Jena war so freundlich die G\u00e4stefans schon an der Ausfahrt zu begr\u00fc\u00dfen und auf einen Parkplatz zu leiten. 10 Minuten vor erreichen des Parkplatzes \u00f6ffnete dann der Himmel seine Pforten. Es gab einen richtig sch\u00f6nen Platzregen. Trotz weiterer 10 Minuten Warten im Auto auf dem Parkplatz wurde es nicht weniger. Also hie\u00df es: Augen zu und durch.<\/p>\n<p>In Sekunden waren wir na\u00df. Und nicht so ein wenig Hamburger Nieselregenwetter na\u00df, nein, na\u00df bis auf die Knochen wie man so sch\u00f6n sagt. So einen Regen habe ich vor einem Spiel noch nie gehabt. War das eventuell ein Zeichen? Gar ein b\u00f6ses?<\/p>\n<p>Im Block angekommen (schnuckliges Old School Stadion da in Jena) h\u00f6rte der Regen dann endlich auf. Wer sich ein Bild vom Regen machen m\u00f6chte: <a href=\"http:\/\/jena.otz.de\/web\/jena\/startseite\/detail\/-\/specific\/A4-bei-Jena-nach-Starkregen-ueberflutet-1541591748\" target=\"_blank\">Land unter<\/a> in Jena. Auf der R\u00fcckfahrt haben wir den Stau gesehen. Gl\u00fccklicherweise war es in die andere Richtung und gl\u00fccklicherweise bestand die Liebste auf eine Abfahrt eine halbe Stunde fr\u00fcher als von mir vorgeschlagen. Sonst h\u00e4tte es gut sein k\u00f6nnen, da\u00df wir gar nicht ins Stadion gekommen w\u00e4ren.<\/p>\n<p>Nun sollte also endlich das erste Pflichtspiel der Saison beginnen, wir sagen und klatschen uns warm, nach Anpfiff machten wir auch nicht halt sondern machten aus dem Stadion einen Hexenkessel. Als G\u00e4stefans wohlgemerkt. Ausw\u00e4rts ist man dann immer doppelt so laut!<\/p>\n<p>Es ist sch\u00f6n, da\u00df wieder Fu\u00dfball ist!<\/p>\n<h2>Das Spiel<\/h2>\n<p>Souver\u00e4n w\u00fcrde ich sagen. 4:0 gewonnen, zweite Runde erreicht. Punkt!<\/p>\n<p>Wie, es gibt Kritik an der Leistung in den ersten 70 Minuten?<br \/>\nWeil wir das Tor nicht getroffen haben? Weil der Spielflu\u00df nicht vorhanden war?<\/p>\n<p>Ja, das war tats\u00e4chlich so. Allerdings mu\u00df man auch sagen, da\u00df wir auf einen Gegner getroffen sind, der sich nicht nur hinten rein gestellt hat, sondern auch keine M\u00f6glichkeit hatte, Fu\u00dfball mit uns zu spielen. Habt ihr gesehen, da\u00df schon in der 40. Minute einzelne Spieler behandelt werden mussten, weil sie Kr\u00e4mpfe hatten? Da wurde sich in jeden Ball und jeden Gegenspieler geworfen. Und das meine ich jetzt nicht bildlich gesprochen, sondern es war wirklich so. Es war eine sehr unkonventionelle Art des Verteidigens. Es sah teilweise aus wie 6. Liga gegen Bundesliga. Upps, das war es ja auch.<\/p>\n<p>Ja, wir haben in den ersten 70 Minunten kl\u00e4glich vor dem gegnerischem Tor ausgesehen. Das war zum (wenn man sie denn noch hat) Haare ausraufen. Was die alles auf dem Kopf oder dem Fu\u00df hatten, wahnsinn. Also Torchancen, nicht nur Haare!<\/p>\n<p>Ja, es gab nicht viel konstruktives nach vorne. Es lag auch nicht nur daran, da\u00df der Gegner im Mittelfeld teils mit Manndeckung spielte.<\/p>\n<p>Aber:<br \/>\nEs war doch allen klar, da\u00df wir den Gegner nicht an die Wand spielen werden. Hand hoch, wer das erwartet hat! Wenn dem so ist, mu\u00df es das erste Fu\u00dfballspiel des HSV sein, da\u00df der- oder diejenige gesehen hat. Unsere Mannschaft ist nicht in der Lage von der ersten Minute an vollen Einsatz und volle Konzentration zu bringen, wenn dies nicht gefordert ist. Ich habe mein Verdacht, woran das liegt. Leider wird daran nichts ge\u00e4ndert.<\/p>\n<p>Erl\u00f6st wurden wir dann von Rudi. Er war der erste Spieler auf dem Feld, der einfach mal rein ging und eben nicht versuchte nur mit 60% Einsatz den Gegner zu umspielen. Es kam nat\u00fcrlich noch hinzu, da\u00df die Jenaer stehend KO waren. Dennoch haben die anderen offensiven Spieler es vorher nicht richtig gemacht, Rudnevs schon.<\/p>\n<p>Danach war klar, das nichts mehr passieren wird und nun konnte dann endlich mit 60% weiter gespielt werden. Wir verwalteten also die letzten 20 Minuten runter und schossen noch drei Tore. Egal, weiter kommt man auch mit einem einsnull.<\/p>\n<p><em>Auff\u00e4llig<\/em><br \/>\nTolgay und Milan hatten ziemlich oft den Ball. Da sich vorne aber a) wenig frei gelaufen wurde und b) immer ein Gegner unorthodox dazwischen funkte, kam nicht viel Kreatives bei rum.<br \/>\nJacques Zoua war allerdings immer anspielbar, leider in Positionen in denen er danach nichts mehr ausrichten konnte.<\/p>\n<p>Der Rest der Mannschaft war meiner Meinung nach nicht besonders auff\u00e4llig, wen habt ihr sonst noch gut gesehen?<\/p>\n<h2>Der Rekord<\/h2>\n<p>Jonathan Tah wurde eingewechselt und ist somit der <a href=\"http:\/\/www.mopo.de\/hsv\/profi-debuet-hsv-youngster-tah-knackt-bubi-rekord,5067038,23915000.html\" target=\"_blank\">j\u00fcngste Spieler<\/a> der beim HSV ein Pflichtspiel bestritten hat.<\/p>\n<p>Das hat den Ausw\u00e4rtsmob gefreut und ihn auch, war er doch noch lange damit besch\u00e4ftigt, die vielen H\u00e4nde abzuklatschen, die in der Kurve auf ihn warteten. Man hatte das Gef\u00fchl, er will sich bei jedem Zuschauer einzeln f\u00fcr diesen tollen Moment bedanken.<\/p>\n<p>Wir sind in diesem Jahr schon mal eine Runde weiter im Pokal als letztes Jahr. Hoffen wir, da\u00df es der Mannschaft hilft. Immerhin sind wir der einzig verbliebene Verein aus Hamburg in der 2. Pokalrunde :-)<\/p>\n<p>In diesem Sinne: <strong>Nur der HSV!<\/strong> <\/p>\n","protected":false},"excerpt":{"rendered":"<p>Was ein Tag. Die Vorbereitung f\u00fcr das Spiel in Jena h\u00e4tte nicht schlechter sein k\u00f6nnen. Als ich am Freitag bei der Liebsten in Berlin eintraf, sah ich auf der Kommode bei ihr etwas liegen, was ich leider in Hamburg vergessen hatte.<\/p>\n","protected":false},"author":2,"featured_media":0,"comment_status":"open","ping_status":"open","sticky":false,"template":"","format":"standard","meta":{"footnotes":""},"categories":[20,4],"tags":[283,44,641,639,533],"class_list":["post-6382","post","type-post","status-publish","format-standard","hentry","category-dfb-pokal","category-hsv","tag-1-runde","tag-auswarts","tag-dfb-pokal","tag-hsv","tag-sv-schott-jena"],"_links":{"self":[{"href":"http:\/\/www.nedsblog.de\/index.php?rest_route=\/wp\/v2\/posts\/6382","targetHints":{"allow":["GET"]}}],"collection":[{"href":"http:\/\/www.nedsblog.de\/index.php?rest_route=\/wp\/v2\/posts"}],"about":[{"href":"http:\/\/www.nedsblog.de\/index.php?rest_route=\/wp\/v2\/types\/post"}],"author":[{"embeddable":true,"href":"http:\/\/www.nedsblog.de\/index.php?rest_route=\/wp\/v2\/users\/2"}],"replies":[{"embeddable":true,"href":"http:\/\/www.nedsblog.de\/index.php?rest_route=%2Fwp%2Fv2%2Fcomments&post=6382"}],"version-history":[{"count":4,"href":"http:\/\/www.nedsblog.de\/index.php?rest_route=\/wp\/v2\/posts\/6382\/revisions"}],"predecessor-version":[{"id":6386,"href":"http:\/\/www.nedsblog.de\/index.php?rest_route=\/wp\/v2\/posts\/6382\/revisions\/6386"}],"wp:attachment":[{"href":"http:\/\/www.nedsblog.de\/index.php?rest_route=%2Fwp%2Fv2%2Fmedia&parent=6382"}],"wp:term":[{"taxonomy":"category","embeddable":true,"href":"http:\/\/www.nedsblog.de\/index.php?rest_route=%2Fwp%2Fv2%2Fcategories&post=6382"},{"taxonomy":"post_tag","embeddable":true,"href":"http:\/\/www.nedsblog.de\/index.php?rest_route=%2Fwp%2Fv2%2Ftags&post=6382"}],"curies":[{"name":"wp","href":"https:\/\/api.w.org\/{rel}","templated":true}]}}