{"id":6390,"date":"2013-08-09T07:00:18","date_gmt":"2013-08-09T06:00:18","guid":{"rendered":"http:\/\/www.nedsblog.de\/?p=6390"},"modified":"2013-08-08T21:20:20","modified_gmt":"2013-08-08T20:20:20","slug":"unterflutlicht","status":"publish","type":"post","link":"http:\/\/www.nedsblog.de\/?p=6390","title":{"rendered":"Unterflutlicht"},"content":{"rendered":"<p>Die Saison beginnt heute dann nun wirklich. Endlich. Ich freue mich total drauf, endlich wieder Nur der HSV<\/p>\n<p><!--more--><\/p>\n<p>Vor dem Spiel bin ich von <a href=\"http:\/\/www.Unterflutlicht.com\" target=\"_blank\">Unterflutlicht<\/a> zu einem Interview eingeladen worden.<\/p>\n<p>Ein Auszug:<\/p>\n<blockquote><p><strong>Euer Vorstandschef Jarchow hat vor einigen Wochen gesagt, der HSV w\u00e4re mit dem S04 auf Augenh\u00f6he? Siehst Du das \u00e4hnlich? Wie sch\u00e4tzt Du den S04 in dieser Saison ein?<\/strong><br \/>\nNein, wir sind nicht auf Augenh\u00f6he mit Schalke 04. An zwei Dingen mache ich das fest: Klaas-Jan Huntelaar und Julian Draxler. Zum einen ist es ein fussballerischer Vorsprung. So jemand wie die beiden haben wir nicht im Kader.<br \/>\nZum anderen haben wir in der eigenen Jugend keinen Spieler, den wir so hoch ziehen k\u00f6nnen wie Julian Draxler. Ich bin immer wieder erstaunt, wenn ich lese wie jung er noch ist.<br \/>\nBis wir uns (wieder) St\u00fcrmer wie Huntelaar leisten k\u00f6nnen, oder Spieler wie Draxler aus der eigenen Jugend hoch ziehen, sind wir nicht auf Augenh\u00f6he von deinen Knappen!<\/p><\/blockquote>\n<p>Das gesamte Interview k\u00f6nnt ihr <a href=\"http:\/\/unterflutlicht.com\/?p=1532\" target=\"_blank\">hier<\/a> lesen.<\/p>\n<p>Am Sonntag werde ich AufSchalke dabei sein. Die Eintrittskarte ist im Portemonnaie (und ich schaue jede Stunde nach, ob sie wirklich drin ist!!!), die Stimme ist nach Jena wieder fit, es kann also los gehen!<\/p>\n<p>In diesem Sinne:<strong> Nur der HSV!<\/strong><\/p>\n","protected":false},"excerpt":{"rendered":"<p>Die Saison beginnt heute dann nun wirklich. Endlich. Ich freue mich total drauf, endlich wieder Nur der HSV<\/p>\n","protected":false},"author":2,"featured_media":0,"comment_status":"open","ping_status":"open","sticky":false,"template":"","format":"standard","meta":{"footnotes":""},"categories":[3,23,4],"tags":[642,467,639,431,536],"class_list":["post-6390","post","type-post","status-publish","format-standard","hentry","category-blogs","category-bundesliga","category-hsv","tag-bundesliga","tag-fc-schalke-04","tag-hsv","tag-saison-20132014","tag-unterflutlicht"],"_links":{"self":[{"href":"http:\/\/www.nedsblog.de\/index.php?rest_route=\/wp\/v2\/posts\/6390","targetHints":{"allow":["GET"]}}],"collection":[{"href":"http:\/\/www.nedsblog.de\/index.php?rest_route=\/wp\/v2\/posts"}],"about":[{"href":"http:\/\/www.nedsblog.de\/index.php?rest_route=\/wp\/v2\/types\/post"}],"author":[{"embeddable":true,"href":"http:\/\/www.nedsblog.de\/index.php?rest_route=\/wp\/v2\/users\/2"}],"replies":[{"embeddable":true,"href":"http:\/\/www.nedsblog.de\/index.php?rest_route=%2Fwp%2Fv2%2Fcomments&post=6390"}],"version-history":[{"count":1,"href":"http:\/\/www.nedsblog.de\/index.php?rest_route=\/wp\/v2\/posts\/6390\/revisions"}],"predecessor-version":[{"id":6391,"href":"http:\/\/www.nedsblog.de\/index.php?rest_route=\/wp\/v2\/posts\/6390\/revisions\/6391"}],"wp:attachment":[{"href":"http:\/\/www.nedsblog.de\/index.php?rest_route=%2Fwp%2Fv2%2Fmedia&parent=6390"}],"wp:term":[{"taxonomy":"category","embeddable":true,"href":"http:\/\/www.nedsblog.de\/index.php?rest_route=%2Fwp%2Fv2%2Fcategories&post=6390"},{"taxonomy":"post_tag","embeddable":true,"href":"http:\/\/www.nedsblog.de\/index.php?rest_route=%2Fwp%2Fv2%2Ftags&post=6390"}],"curies":[{"name":"wp","href":"https:\/\/api.w.org\/{rel}","templated":true}]}}