{"id":6642,"date":"2013-11-12T10:36:11","date_gmt":"2013-11-12T09:36:11","guid":{"rendered":"http:\/\/www.nedsblog.de\/?p=6642"},"modified":"2013-11-12T10:36:11","modified_gmt":"2013-11-12T09:36:11","slug":"nullzwei-bundesliga-saison-20132014-spieltag-12","status":"publish","type":"post","link":"http:\/\/www.nedsblog.de\/?p=6642","title":{"rendered":"nullzwei. Bundesliga Saison 2013\/2014, Spieltag 12"},"content":{"rendered":"<p>Wir haben gegen Bayer Leverkusen mit 2 Toren verloren. Das klingt soweit doch gut, oder?<\/p>\n<p><!--more--><\/p>\n<h2>Wie war&#8217;s?<\/h2>\n<p>Ja, aber&#8230; 5 Gegentore? Davon 2 so d\u00e4mlich selbst verschuldet, da kann man auch mal etwas \u00e4rgerlich sein. Okay, es folgt jetzt keine Wutrede wie die von Oliver Kreuzer (puh, das nutzt sich dann aber schneller ab, als gedacht), aber nachdem ich am Samstag noch recht &#8222;gl\u00fccklich&#8220; war, bin ich heute sehr ver\u00e4rgert ob der Niederlage.<\/p>\n<p>Wie kann es denn sein, da\u00df alle kollektiv in den ersten 20 Minuten schlafen? Es werden dummd\u00e4mliche P\u00e4sse im Mittelfeld gespielt, das Stellungsspiel einiger erfahrener Spieler ist v\u00f6llig falsch und wir prallen in Zweik\u00e4mpfen am Gegner ab. Brauchen unsere Jungs ein R\u00fcckstand, damit sie sich dann wieder auf das besinnen, was sie k\u00f6nnen?<\/p>\n<p>Ohne diese Fehler am Anfang w\u00e4re das Spiel nicht unbedingt gewonnen worden, aber wie machen es uns einfach zu schwer. Schon gegen Gladbach war das so. Das kann dann bitte ab sofort aufh\u00f6ren! Wieso bekommen wir es nicht hin einen Ball \u00fcber 5m so zu spielen, da\u00df der Kamerad auch damit was anfangen kann? Gerade in der zweiten Halbzeit hat man doch gesehen, da\u00df es geht!<\/p>\n<p>Gnarfarghgrmpf.<\/p>\n<p>Nicht vergessen darf man dabei, da\u00df Leverkusen sehr aggressiv und hoch gepresst hat, etwas mit dem wir an diesem Spieltag \u00fcberhaupt nicht gut zurecht gekommen sind. Sie haben nicht nur die R\u00e4ume sehr gut zu gestellt, sondern haben den ballf\u00fchrenden Mann immer unter Druck gesetzt.<\/p>\n<p>Neben meinem \u00c4rger \u00fcber diese Fehler mu\u00df ich aber gestehen, da\u00df ich mich immer mehr in diese Mannschaft verliebe. Wie sie immer weiter macht, nicht aufh\u00f6rt zu K\u00e4mpfen und vor allem Fu\u00dfball zu spielen, das imponiert mir sehr. Das sind alles klasse Jungs, die jede Unterst\u00fctzung von mir bekommt.<\/p>\n<p>Wir schiessen drei Tore in Leverkusen und das hat vor uns in dieser Saison noch keiner geschafft. Das ist etwas, was wir in die n\u00e4chsten Spiele mitnehmen k\u00f6nnen!<\/p>\n<p><strong>Tor<\/strong><\/p>\n<p>Am Sonntag habe ich noch mit meinem Bruder sehr lange \u00fcber Rene Adler diskutiert. Er wirkt nicht so richtig fit. Er ist aber im Moment auch die \u00e4rmste Sau der Bundesliga.<\/p>\n<p><strong>Abwehr<\/strong><\/p>\n<p>Alles in allem kann man bei 5 Gegentoren nicht viel Lob an die Abwehr vergeben. Mache ich aber dennoch, weil mir gerade Tah, Sobiech und Jansen gut gefallen haben. Bei Westermann sieht man sehr klar, da\u00df er kein Rechtsverteidiger moderner Schule ist. Wird Zeit, da\u00df Diekmeier wieder gesund wird. Und das meine ich nicht, weil er ein wirklich schlechtes Spiel gemacht hat, sondern weil er eben ein klassischer Innenverteidiger ist.<\/p>\n<p><strong>Mittelfeld<\/strong><\/p>\n<p>Besonders gut gefallen hat mir Hakan, unauff\u00e4llig waren trotz des Tores Maxi und auch unser Kapit\u00e4n. Das lag aber auch an der guten defensiven Ordnung von Bayer Leverkusen. Das Duo Arslan\/Badlej wirkte gerade am Anfang sehr verunsichert, ich hoffe die Eingew\u00e4hnungsphase in ein Spiel wird immer k\u00fcrzer bei den beiden.<\/p>\n<p><strong>Sturm<\/strong><\/p>\n<p>Was soll ich noch zu Lasogga schreiben? Das ist sehr beeindruckend und ich mag es sehr ihm beim Fu\u00dfballarbeiten und -spielen zugucken.<br \/>\nWann haben wir das letzte Mal einen solchen klassischen Mittelst\u00fcrmer im Kader gehabt?<\/p>\n<p><strong>Taktik<\/strong><\/p>\n<p>Der Trainer \u00e4ndert nichts, bleibt bei dem System mit einem St\u00fcrmer. Warum sollte er auch, wir haben immerhin 26 Tore geschossen.<\/p>\n<p><strong>Einwechslungen<\/strong><\/p>\n<p>Im Moment sehe ich niemanden auf der Bank, der eine Alternative f\u00fcr unser Spiel ist. Rudi scheint meilenweit weg vom Spielen zu sein, daher war Ivo eine fast positionstreue Einwecheslung. Die Einwechslung von Zoua war dann eher aus der Not raus geboren, weil eben Rudi die Position von Maxi nicht spielen kann und der Trainer die Grundausrichtung nicht \u00e4ndern wollte.<br \/>\nWas macht eigentlich Petr Jiracek so den Spieltag lang? Der scheint auch sehr weit weg von einem Einsatz zu sein.<\/p>\n<p><strong>Spieler des Spiels:<\/strong><\/p>\n<p>Mir hat Marcell Jansen richtig gut gefallen. Klar, PML hat 2 Tore geschossen, aber ich finde da\u00df unser Linksverteidiger auch mal wieder gelobt werden soll.<\/p>\n<p><strong>P\u00f6bler des Spiels:<\/strong><\/p>\n<p>Die ersten 20 Minuten. Das hat mich schon sehr ge\u00e4rgert und tut es immer noch.<\/p>\n<h2>Was sagt die Statistik?<\/h2>\n<p><iframe width='500' height='380' frameborder='0' src='https:\/\/docs.google.com\/spreadsheet\/pub?key=0Av4ETf833YNgdHFYSllaWEpPa0k0blNvY3lueXpyOFE&#038;single=true&#038;gid=13&#038;range=A1%3AQ22&#038;output=html'><\/iframe><br \/>\n<small><small>2K\u00e4mpfe gew-Zweik\u00e4mpfe gewonnen; ges-Gesamt; %-Prozent gewonnen (Beim Torwart: Torsch\u00fcsse geh-Torsch\u00fcsse gehalten; ges-gesamt; %-Prozent gehalten), BK-Ballkontakte, TS-Torsch\u00fcsse (Beim Torwart AF-abgefangene Flanken), P\u00e4sse a-P\u00e4sse angekommen; g-gespielt; %-Prozent angekommen, FL-Flanken, TSV-Torschussvorlagen, Tor-Tore, TVO-Torvorlagen, >-raus, < -rein, Min-Minuten, OF-Offensivfaktor; Quelle: <a href=\"http:\/\/www.bundesliga.de\">bundesliga.de<\/a> f\u00fcr die Offensiven Daten (TS, TSV, Tor; TVO) und <a href=\"http:\/\/www.sky.de\" target=\"_blank\">sky.de<\/a> f\u00fcr den Rest<\/small><\/small><\/p>\n<h2>Was ich gelesen habe?<\/h2>\n<p>Wie gewohnt bereitet spielverlagerung das Spiel <a href=\"http:\/\/spielverlagerung.de\/2013\/11\/10\/bayer-04-leverkusen-hamburger-sv-53\/\" target=\"_blank\">taktisch<\/a> auf.<br \/>\nIm brennerpass mag man <a href=\"http:\/\/burnster.de\/2013\/11\/10\/brennerpass-bundesliga-20132014-12\/\" target=\"_blank\">Lasogga<\/a>.<br \/>\nUnd da mein Eintrag erst so sp\u00e4t online geht, kann ich endlich mal auf die Kolumne von Jovanov verlinken, auch wenn ich seine Aussage zum <a href=\"http:\/\/www.goal.com\/de\/news\/1025\/kolumne\/2013\/11\/12\/4401398\/jovanovs-hsv-der-trainer-effekt-ist-verpufft?ICID=HP_BN_3\" target=\"_blank\">Thema neuer Trainer Effekt <\/a>nicht teile.\n<\/p>\n<h2>Leihspielercheck<\/h2>\n<p>Hier ein kurzer Blick auf die verliehenen Spieler.<br \/>\n<em>Dennis Aogo<\/em>, Schalke 04<br \/>\nSpielte mal wieder hinten links, nachdem er zuvor h\u00e4ufiger im defensivem Mittelfeld aufgelaufen ist. 90 Minuten auf dem Platz SPN 1.<\/p>\n<p><em>Per Skjelbred<\/em>, Hertha BSC<br \/>\n72 Minuten gespielt, zentral hinter der einen Spitze. SPN 2.<\/p>\n<h2>Was macht eigentlich &#8230;?<\/h2>\n<p><em>David Jarolim<\/em><br \/>\nEr spielt und spielt uns spielt&#8230; Freut mich f\u00fcr ihn.<br \/>\n<em>Heung-Min Son<\/em><br \/>\n3 Tore, 1 Torvorlage, ein gelungenes Spiel gegen seinen alten Verein.<br \/>\n<em>Jeffrey Bruma<\/em><br \/>\nWeiterhin gesetzt in der Innenverteidigung.<br \/>\n<em>Janek Sternberg<\/em><br \/>\nGewinnt mit der Zwoten von der Weser gegen die Zwote aus dem Stadtteil in Hamburg.<br \/>\n<em>Marcus Berg<\/em><br \/>\nIn den letzten 3 Spielen hat er zwar kein Tor geschossen, aber 2 Torvorlagen stehen auf seinem Konto. In 10 Spielen war er bis jetzt also an 6 Toren beteiligt. Klasse!<br \/>\n<em>Jacopo Sala<\/em><br \/>\nNach seinem Kurzeinsatz war er diesmal wieder nicht im Kader.<br \/>\n<em>Christan N\u00f6rgaard<\/em><br \/>\nIn den letzten beiden Spielen jeweils 90 Minuten im offensivem Mittelfeld eingesetzt.\n<\/p>\n<h2>Was war sonst noch &#8230;?<\/h2>\n<p>Das kleine Derby stand an. U19, A Jugendbundesliga. Da ich zum Spiel in der Regionalliga Nord (Derbysieger!) nicht konnte, fand ich mich zu der unchristlichen Ansto\u00dfzeit um 11 Uhr auf dem Gel\u00e4nde am Ochsenzoll ein (okay, vorher machten wir noch einen Abstecher zur Wolfgang-Meyer-Sportanlage, weil das Spiel eigentlich dort stattfinden sollte!). Nette Anlage, ich bin ja vorher noch nie da gewesen.<br \/>\nAuf dem Kunstrasenplatz durfte ich dann die 1:3 Niederlage mit zahlreichen Zuschauern sehen. Ich hatte die U19 im letzten Jahr spielen sehen (damals wollte ich Jonathan Tah sehen) und zum letzten Jahr sah ich keine Steigerung. Taktisch und auch k\u00f6rperlich waren wir dem Gegner unterlegen.<br \/>\nIch werde das weiter beobachten, weil ich die Hoffnung habe, da\u00df wir unsere Jugendmannschaften jetzt (?) besser ausbilden, damit das Nachwuchsleistungszentrum weiterhin Spieler wie Tah ausbildet und der Profimannschaft zur Verf\u00fcgung stellt.<\/p>\n<p>Apropos Tah, er schaute sich das Spiel auch an. Ist ja nicht weit, er wohnt auf dem Gel\u00e4nde. Ein kleinen Schnack mit Rodolfo Cardoso hielt er dann auch noch.<br \/>\n<a href=\"http:\/\/www.nedsblog.de\/wp-content\/uploads\/2013\/11\/2013-11-10-11.50.30.jpg\"><img loading=\"lazy\" decoding=\"async\" src=\"http:\/\/www.nedsblog.de\/wp-content\/uploads\/2013\/11\/2013-11-10-11.50.30-768x1024.jpg\" alt=\"2013-11-10 11.50.30\" width=\"620\" height=\"826\" class=\"alignnone size-large wp-image-6651\" srcset=\"http:\/\/www.nedsblog.de\/wp-content\/uploads\/2013\/11\/2013-11-10-11.50.30-768x1024.jpg 768w, http:\/\/www.nedsblog.de\/wp-content\/uploads\/2013\/11\/2013-11-10-11.50.30-225x300.jpg 225w\" sizes=\"auto, (max-width: 620px) 100vw, 620px\" \/><\/a><\/p>\n<p>In diesem Sinne: <strong>Nur der HSV!<\/strong><\/p>\n<p style=\"font-size: x-small\">\n","protected":false},"excerpt":{"rendered":"<p>Wir haben gegen Bayer Leverkusen mit 2 Toren verloren. Das klingt soweit doch gut, oder?<\/p>\n","protected":false},"author":2,"featured_media":0,"comment_status":"open","ping_status":"open","sticky":false,"template":"","format":"standard","meta":{"footnotes":""},"categories":[23,4],"tags":[44,96,642,208,639,135,431,504],"class_list":["post-6642","post","type-post","status-publish","format-standard","hentry","category-bundesliga","category-hsv","tag-auswarts","tag-bayer-leverkusen","tag-bundesliga","tag-derby","tag-hsv","tag-marcell-jansen","tag-saison-20132014","tag-u19"],"_links":{"self":[{"href":"http:\/\/www.nedsblog.de\/index.php?rest_route=\/wp\/v2\/posts\/6642","targetHints":{"allow":["GET"]}}],"collection":[{"href":"http:\/\/www.nedsblog.de\/index.php?rest_route=\/wp\/v2\/posts"}],"about":[{"href":"http:\/\/www.nedsblog.de\/index.php?rest_route=\/wp\/v2\/types\/post"}],"author":[{"embeddable":true,"href":"http:\/\/www.nedsblog.de\/index.php?rest_route=\/wp\/v2\/users\/2"}],"replies":[{"embeddable":true,"href":"http:\/\/www.nedsblog.de\/index.php?rest_route=%2Fwp%2Fv2%2Fcomments&post=6642"}],"version-history":[{"count":9,"href":"http:\/\/www.nedsblog.de\/index.php?rest_route=\/wp\/v2\/posts\/6642\/revisions"}],"predecessor-version":[{"id":6652,"href":"http:\/\/www.nedsblog.de\/index.php?rest_route=\/wp\/v2\/posts\/6642\/revisions\/6652"}],"wp:attachment":[{"href":"http:\/\/www.nedsblog.de\/index.php?rest_route=%2Fwp%2Fv2%2Fmedia&parent=6642"}],"wp:term":[{"taxonomy":"category","embeddable":true,"href":"http:\/\/www.nedsblog.de\/index.php?rest_route=%2Fwp%2Fv2%2Fcategories&post=6642"},{"taxonomy":"post_tag","embeddable":true,"href":"http:\/\/www.nedsblog.de\/index.php?rest_route=%2Fwp%2Fv2%2Ftags&post=6642"}],"curies":[{"name":"wp","href":"https:\/\/api.w.org\/{rel}","templated":true}]}}