{"id":6833,"date":"2014-02-13T12:46:33","date_gmt":"2014-02-13T11:46:33","guid":{"rendered":"http:\/\/www.nedsblog.de\/?p=6833"},"modified":"2014-02-13T21:56:53","modified_gmt":"2014-02-13T20:56:53","slug":"wisssen-wo-sein-platz-ist","status":"publish","type":"post","link":"http:\/\/www.nedsblog.de\/?p=6833","title":{"rendered":"Wissen, wo sein Platz ist."},"content":{"rendered":"<p>Ich bin HSV Fan. Leidentschaftlich, die letzten Jahre mehr als zu Beginn meiner Liebe zum HSV vor <del datetime=\"2014-02-13T08:46:40+00:00\">25<\/del> 26 Jahren. Ich dachte, man wird im Alter ruhiger und vor allem kl\u00fcger, beim Fu\u00dfball und dem HSV. Aber dem ist wohl nicht so.<\/p>\n<p><!--more--><\/p>\n<p>Ich wei\u00df aber, wo mein Platz ist. Der ist in der Kurve. Zwei Mal im Jahr ist er auf der Mitgliederversammlung. Bei beiden Pl\u00e4tzen gibt es Rechte und Pflichten sowie Grenzen, die man nicht \u00fcberschreiten sollte.<\/p>\n<p>Nehmen wir meine Rechte als Mitglied. Ich darf den Aufsichtsrat w\u00e4hlen, die Organe des Vereins entlasten, Fragen stellen und sogar Antr\u00e4ge zur Diskussion stellen.<br \/>\n\u00a720, Absatz 1, Punkt c)<\/p>\n<blockquote><p>Ausf\u00fchrung der Beschl\u00fcsse der Mitgliederversammlungen, soweit sie nicht ihrem Inhalt nach einem anderen Vereinsorgan oder einer Abteilung zur Ausf\u00fchrung zugewiesen sind. Im letztgenannten Fall hat der Vorstand jedoch die ordnungsgem\u00e4\u00dfe Ausf\u00fchrung der Beschl\u00fcsse durch die anderen Organe oder die Abteilungen zu kontrollieren,<\/p><\/blockquote>\n<p>Ich habe gerade nachgez\u00e4hlt, wann ich dieses mir zustehende Recht ausge\u00fcbt habe&#8230; Ich kam auf exakt null. Weil ich wei\u00df, wo mein Platz ist, welche Verantwortung solch ein Antrag beinhaltet. Es w\u00fcrde ja bedeuten, da\u00df ich meine, ich k\u00f6nnte den Job des Vorstandes besser machen. Das kann ich nicht.<\/p>\n<p>Ein Organ im verein meint aber, er k\u00f6nne das gerade. Er k\u00f6nne den Job des Vorstandes besser machen.<br \/>\nIch spreche von unserem Aufsichtsrat.<\/p>\n<p>\u00a718, Absatz 1<\/p>\n<blockquote><p>Der Aufsichtsrat bestellt den Vorstand und beruft ihn ab.<\/p><\/blockquote>\n<p>\u00a718, Absatz 2<\/p>\n<blockquote><p>Der Aufsichtsrat \u00fcberwacht den Vorstand in seiner Gesch\u00e4ftsf\u00fchrung und<br \/>\nin der Wahrnehmung der Vereinsaufgaben.<\/p><\/blockquote>\n<p>(wer interesse hat, die Satzung unseres Vereins befindet sich hier: <a href=\"http:\/\/www.hsv.de\/fileadmin\/redaktion\/SatzungNEU13_1__2_.pdf\" target=\"_blank\">Satzung HSV<\/a>)<\/p>\n<p>Auch ich bin unzufrieden mit der Arbeit des Vorstandes, da\u00df habe ich hier oft genug geschrieben. Aber mitten in der schwersten Phase des Vereins solch ein Affentheater zu veranstalten zeugt meiner Meinung nach davon, da\u00df die Kompetenzen deutlich \u00fcberschritten werden. Wieso meint ein Teil des AR, da\u00df sie besser entscheiden k\u00f6nnten, welcher Trainer auf der Bank zu sitzen hat? Da hat jemand seinen Platz nicht gefunden, wei\u00df nicht, wo seine Entscheidungsbefugnis im Verein steht! Oliver Kreuzer hat sich klar zum Trainer bekannt. Und seinem Urteil ist zu folgen, denn er hat die sportliche Kompetenz im Vorstand. Auch der Vorsitzende hat klar erkannt, da\u00df der Trainer bleiben soll (ja, ich wei\u00df, solche Aussagen halten nur bestimmte Spieltage lang, aber bis dahin m\u00fcssen wir unserem Vorstand glauben).<\/p>\n<p>Im Moment w\u00fcrde ich die 4 R\u00e4te, die diesen irrwitzigen Ver\u00e4nderungsvorschlag blockieren, gerne kennen und ihnen gratulieren. <\/p>\n<p>Wenn der AR entscheidet, da\u00df der Vorstand abgesetzt geh\u00f6rt, dann doch bitte nicht w\u00e4hrend der Saison. Was ist das denn f\u00fcr ein bullshit mitten in der Saison so eine Idee zu haben? Wenn wir eines nicht brauchen ist es weitere Unruhe! Wie sollen Carl Jarchow, Oliver Kreuzer und auch Bert van Marwijk in Ruhe ihren Job machen? Genau, es geht nicht!<\/p>\n<p>Warum wird nicht alles f\u00fcr den Klassenerhalt getan? Das ist wichtiger als alle Reformen und Ver\u00e4nderungen!<\/p>\n<p>Aber kommen wir zur\u00fcck zu meinem Platz im Verein. Dieser ist vor allem in der Kurve. Okay, manchmal auch beim Training um den Jungs zuzuschauen, manchmal sogar bei der U19 bzw. U23 um zu sehen, was da auf uns zu kommen wird.<\/p>\n<p>Es gibt aber Besucher des Stadions, die auch diesen Platz falsch ausnutzen. Sei es durch das Werfen von Gegenst\u00e4nden auf den Platz (ob nun gegen Gegner oder eigene Spieler) oder durch Gewalt gegen eigene Spieler! Das deutet auf fehldende soziale Kompetenz hin, da kann man nicht helfen, nur mit Verachtung und vor allem mit drakonischen Strafen &#8222;helfen&#8220;. Widerlich!<\/p>\n<p>Zur\u00fcck zu meinem Platz in der Kurve: ich supporte die Mannschaft von der 1. und 90. Minute. Was anderes kann ich im Stadion nicht machen. Klar, ich bin auch entt\u00e4uscht und motze \u00fcber schlechte P\u00e4sse, schlimme Fehler aber ich pfeife meine eigenen Spieler nicht aus. Selbst diese Grenze werde ich nicht \u00fcberschreiten. <\/p>\n<p>Wenn ich nicht in der Kurve bin, dann versuche ich meinen Beitrag zu leisten, damit die Mannschaft merkt, da\u00df ich hinter ihr stehe. W\u00e4hrend also andere Spiegel abtreten (was macht eigentlich Patrick Ebert *g*) nach einer Heimniederlage, fahre ich am Sonntag morgen in eine Turnhalle irgendwo in Hamburg und krieche 6 Stunden auf den Knien und bastel ein Spruchband f\u00fcr das n\u00e4chste Heimspiel. <\/p>\n<p><a href=\"http:\/\/www.nedsblog.de\/wp-content\/uploads\/2014\/02\/20140209_120212.jpg\"><img loading=\"lazy\" decoding=\"async\" src=\"http:\/\/www.nedsblog.de\/wp-content\/uploads\/2014\/02\/20140209_120212-225x300.jpg\" alt=\"Basteln\" width=\"225\" height=\"300\" class=\"alignnone size-medium wp-image-6836\" srcset=\"http:\/\/www.nedsblog.de\/wp-content\/uploads\/2014\/02\/20140209_120212-225x300.jpg 225w, http:\/\/www.nedsblog.de\/wp-content\/uploads\/2014\/02\/20140209_120212-768x1024.jpg 768w, http:\/\/www.nedsblog.de\/wp-content\/uploads\/2014\/02\/20140209_120212-900x1200.jpg 900w\" sizes=\"auto, (max-width: 225px) 100vw, 225px\" \/><\/a><br \/>\n(Danke an <a href=\"http:\/\/www.twitter.com\/nurdertim\" target=\"_blank\">@nurdertim<\/a> f\u00fcr das Foto!<br \/>\n5 Stunden haben wir mit mit nicht mal 2 Hand voll M\u00e4dels und Jungs an dem Spruchband f\u00fcr die Choreo gebastelt. Auf dem Boden hocken und mit den Z\u00e4hnen Tesafilm abreissen ist unheimlich entspannend und sch\u00e4rft die Sinne f\u00fcr die n\u00e4chste Aufgaben. <\/p>\n<p>Mein Platz ist im Block 22C, dort kann ich gut sehen und meine Mannschaft anfeuern. Am Mittwoch vor dem <del datetime=\"2014-02-13T10:15:22+00:00\">Freundschafts<\/del> Pokalspiel gegen die momentan weltbeste Mannschaft war ich aber in anderen Bl\u00f6cken unterwegs. Es galt die Choreo vorzubereiten, nur Basteln reicht mir da nicht. Also galt es ab 15:30 Uhr Fahnen aufzuwickeln, Pappen aufzurollen und Anweisungen zu folgen. Das ist mein Platz in diesem Verein.<\/p>\n<p><img loading=\"lazy\" decoding=\"async\" src=\"http:\/\/www.nedsblog.de\/wp-content\/uploads\/2014\/02\/2014-02-12-16.10.01-300x225.jpg\" alt=\"Aufbau 1\" width=\"300\" height=\"225\" class=\"alignnone size-medium wp-image-6837\" srcset=\"http:\/\/www.nedsblog.de\/wp-content\/uploads\/2014\/02\/2014-02-12-16.10.01-300x225.jpg 300w, http:\/\/www.nedsblog.de\/wp-content\/uploads\/2014\/02\/2014-02-12-16.10.01-1024x768.jpg 1024w, http:\/\/www.nedsblog.de\/wp-content\/uploads\/2014\/02\/2014-02-12-16.10.01-900x675.jpg 900w\" sizes=\"auto, (max-width: 300px) 100vw, 300px\" \/><br \/>\n<a href=\"http:\/\/www.nedsblog.de\/wp-content\/uploads\/2014\/02\/2014-02-12-16.10.10.jpg\"><img loading=\"lazy\" decoding=\"async\" src=\"http:\/\/www.nedsblog.de\/wp-content\/uploads\/2014\/02\/2014-02-12-16.10.10-225x300.jpg\" alt=\"Aufbau 2\" width=\"225\" height=\"300\" class=\"alignnone size-medium wp-image-6838\" srcset=\"http:\/\/www.nedsblog.de\/wp-content\/uploads\/2014\/02\/2014-02-12-16.10.10-225x300.jpg 225w, http:\/\/www.nedsblog.de\/wp-content\/uploads\/2014\/02\/2014-02-12-16.10.10-768x1024.jpg 768w, http:\/\/www.nedsblog.de\/wp-content\/uploads\/2014\/02\/2014-02-12-16.10.10-900x1200.jpg 900w\" sizes=\"auto, (max-width: 225px) 100vw, 225px\" \/><\/a><br \/>\n<a href=\"http:\/\/www.nedsblog.de\/wp-content\/uploads\/2014\/02\/2014-02-12-18.19.56.jpg\"><img loading=\"lazy\" decoding=\"async\" src=\"http:\/\/www.nedsblog.de\/wp-content\/uploads\/2014\/02\/2014-02-12-18.19.56-300x225.jpg\" alt=\"Aufbau 3\" width=\"300\" height=\"225\" class=\"alignnone size-medium wp-image-6839\" srcset=\"http:\/\/www.nedsblog.de\/wp-content\/uploads\/2014\/02\/2014-02-12-18.19.56-300x225.jpg 300w, http:\/\/www.nedsblog.de\/wp-content\/uploads\/2014\/02\/2014-02-12-18.19.56-1024x768.jpg 1024w, http:\/\/www.nedsblog.de\/wp-content\/uploads\/2014\/02\/2014-02-12-18.19.56-900x675.jpg 900w\" sizes=\"auto, (max-width: 300px) 100vw, 300px\" \/><\/a><\/p>\n<p>Nach knapp 3,5 Stunden Aufbau wartet man dann gebannt auf das Ergebnis. Es war GROSSARTIG!<\/p>\n<p><a href=\"http:\/\/www.nedsblog.de\/wp-content\/uploads\/2014\/02\/5B8685E5-245C-447D-A82C-9B1282CA934A.jpg\"><img loading=\"lazy\" decoding=\"async\" src=\"http:\/\/www.nedsblog.de\/wp-content\/uploads\/2014\/02\/5B8685E5-245C-447D-A82C-9B1282CA934A-300x300.jpg\" alt=\"Choreo 1\" width=\"300\" height=\"300\" class=\"alignnone size-medium wp-image-6840\" srcset=\"http:\/\/www.nedsblog.de\/wp-content\/uploads\/2014\/02\/5B8685E5-245C-447D-A82C-9B1282CA934A-300x300.jpg 300w, http:\/\/www.nedsblog.de\/wp-content\/uploads\/2014\/02\/5B8685E5-245C-447D-A82C-9B1282CA934A-150x150.jpg 150w, http:\/\/www.nedsblog.de\/wp-content\/uploads\/2014\/02\/5B8685E5-245C-447D-A82C-9B1282CA934A-1024x1024.jpg 1024w, http:\/\/www.nedsblog.de\/wp-content\/uploads\/2014\/02\/5B8685E5-245C-447D-A82C-9B1282CA934A-144x144.jpg 144w, http:\/\/www.nedsblog.de\/wp-content\/uploads\/2014\/02\/5B8685E5-245C-447D-A82C-9B1282CA934A-900x900.jpg 900w\" sizes=\"auto, (max-width: 300px) 100vw, 300px\" \/><\/a><br \/>\n<a href=\"http:\/\/www.nedsblog.de\/wp-content\/uploads\/2014\/02\/B29F08D2-F79D-40F4-9E86-8C4E237D4630.jpg\"><img loading=\"lazy\" decoding=\"async\" src=\"http:\/\/www.nedsblog.de\/wp-content\/uploads\/2014\/02\/B29F08D2-F79D-40F4-9E86-8C4E237D4630-300x300.jpg\" alt=\"Choreo 2\" width=\"300\" height=\"300\" class=\"alignnone size-medium wp-image-6841\" srcset=\"http:\/\/www.nedsblog.de\/wp-content\/uploads\/2014\/02\/B29F08D2-F79D-40F4-9E86-8C4E237D4630-300x300.jpg 300w, http:\/\/www.nedsblog.de\/wp-content\/uploads\/2014\/02\/B29F08D2-F79D-40F4-9E86-8C4E237D4630-150x150.jpg 150w, http:\/\/www.nedsblog.de\/wp-content\/uploads\/2014\/02\/B29F08D2-F79D-40F4-9E86-8C4E237D4630-1024x1024.jpg 1024w, http:\/\/www.nedsblog.de\/wp-content\/uploads\/2014\/02\/B29F08D2-F79D-40F4-9E86-8C4E237D4630-144x144.jpg 144w, http:\/\/www.nedsblog.de\/wp-content\/uploads\/2014\/02\/B29F08D2-F79D-40F4-9E86-8C4E237D4630-900x900.jpg 900w\" sizes=\"auto, (max-width: 300px) 100vw, 300px\" \/><\/a><br \/>\n(Danke an <a href=\"https:\/\/twitter.com\/abknicker\" target=\"_blank\">@abknicker<\/a> f\u00fcr die Fotos!)<\/p>\n<p>Von der S\u00fcdtrib\u00fcne sah es so aus:<br \/>\n<a href=\"http:\/\/www.nedsblog.de\/wp-content\/uploads\/2014\/02\/IMG_3903.jpg\"><img loading=\"lazy\" decoding=\"async\" src=\"http:\/\/www.nedsblog.de\/wp-content\/uploads\/2014\/02\/IMG_3903-300x225.jpg\" alt=\"Choreo 3\" width=\"300\" height=\"225\" class=\"alignnone size-medium wp-image-6842\" srcset=\"http:\/\/www.nedsblog.de\/wp-content\/uploads\/2014\/02\/IMG_3903-300x225.jpg 300w, http:\/\/www.nedsblog.de\/wp-content\/uploads\/2014\/02\/IMG_3903-1024x768.jpg 1024w, http:\/\/www.nedsblog.de\/wp-content\/uploads\/2014\/02\/IMG_3903-900x675.jpg 900w\" sizes=\"auto, (max-width: 300px) 100vw, 300px\" \/><\/a><br \/>\n<a href=\"http:\/\/www.nedsblog.de\/wp-content\/uploads\/2014\/02\/IMG_3908.jpg\"><img loading=\"lazy\" decoding=\"async\" src=\"http:\/\/www.nedsblog.de\/wp-content\/uploads\/2014\/02\/IMG_3908-300x223.jpg\" alt=\"Choreo 4\" width=\"300\" height=\"223\" class=\"alignnone size-medium wp-image-6843\" srcset=\"http:\/\/www.nedsblog.de\/wp-content\/uploads\/2014\/02\/IMG_3908-300x223.jpg 300w, http:\/\/www.nedsblog.de\/wp-content\/uploads\/2014\/02\/IMG_3908.jpg 800w\" sizes=\"auto, (max-width: 300px) 100vw, 300px\" \/><\/a><br \/>\n(Danke an <a href=\"http:\/\/www.twitter.com\/HerrEberhardt\" target=\"_blank\">@HerrEberhardt<\/a> &#038; <a href=\"http:\/\/www.twitter.com\/HeideJensinger\" target=\"_blank\">@HeideJensinger<\/a> f\u00fcr die Fotos!)<\/p>\n<p>Fu\u00dfball wurde auch gespielt, wir hatten keine Chance. Bungt!<\/p>\n<p>Ich kenne also meinen Platz im Verein. Meine Forderung an alle anderen im Verein: Haltet euch auch daran!<\/p>\n<p>In diesem Sinne: <strong>Nur der HSV!<\/strong><\/p>\n","protected":false},"excerpt":{"rendered":"<p>Ich bin HSV Fan. Leidentschaftlich, die letzten Jahre mehr als zu Beginn meiner Liebe zum HSV vor 25 26 Jahren. Ich dachte, man wird im Alter ruhiger und vor allem kl\u00fcger, beim Fu\u00dfball und dem HSV. Aber dem ist wohl nicht so.<\/p>\n","protected":false},"author":2,"featured_media":0,"comment_status":"open","ping_status":"open","sticky":false,"template":"","format":"standard","meta":{"footnotes":""},"categories":[23,20,4,166],"tags":[120,589,642,448,641,35,639,239,431,590,149],"class_list":["post-6833","post","type-post","status-publish","format-standard","hentry","category-bundesliga","category-dfb-pokal","category-hsv","category-verein","tag-aufsichtsrat","tag-basteln","tag-bundesliga","tag-choreo","tag-dfb-pokal","tag-heimspiel","tag-hsv","tag-mitgliederversammlung","tag-saison-20132014","tag-satzung","tag-vorstand"],"_links":{"self":[{"href":"http:\/\/www.nedsblog.de\/index.php?rest_route=\/wp\/v2\/posts\/6833","targetHints":{"allow":["GET"]}}],"collection":[{"href":"http:\/\/www.nedsblog.de\/index.php?rest_route=\/wp\/v2\/posts"}],"about":[{"href":"http:\/\/www.nedsblog.de\/index.php?rest_route=\/wp\/v2\/types\/post"}],"author":[{"embeddable":true,"href":"http:\/\/www.nedsblog.de\/index.php?rest_route=\/wp\/v2\/users\/2"}],"replies":[{"embeddable":true,"href":"http:\/\/www.nedsblog.de\/index.php?rest_route=%2Fwp%2Fv2%2Fcomments&post=6833"}],"version-history":[{"count":6,"href":"http:\/\/www.nedsblog.de\/index.php?rest_route=\/wp\/v2\/posts\/6833\/revisions"}],"predecessor-version":[{"id":6847,"href":"http:\/\/www.nedsblog.de\/index.php?rest_route=\/wp\/v2\/posts\/6833\/revisions\/6847"}],"wp:attachment":[{"href":"http:\/\/www.nedsblog.de\/index.php?rest_route=%2Fwp%2Fv2%2Fmedia&parent=6833"}],"wp:term":[{"taxonomy":"category","embeddable":true,"href":"http:\/\/www.nedsblog.de\/index.php?rest_route=%2Fwp%2Fv2%2Fcategories&post=6833"},{"taxonomy":"post_tag","embeddable":true,"href":"http:\/\/www.nedsblog.de\/index.php?rest_route=%2Fwp%2Fv2%2Ftags&post=6833"}],"curies":[{"name":"wp","href":"https:\/\/api.w.org\/{rel}","templated":true}]}}