{"id":6970,"date":"2014-08-25T07:00:18","date_gmt":"2014-08-25T06:00:18","guid":{"rendered":"http:\/\/www.nedsblog.de\/?p=6970"},"modified":"2014-08-24T20:08:58","modified_gmt":"2014-08-24T19:08:58","slug":"wieder-ein-fussballspiel","status":"publish","type":"post","link":"http:\/\/www.nedsblog.de\/?p=6970","title":{"rendered":"Wieder ein Fu\u00dfballspiel"},"content":{"rendered":"<p>Das mit dem Fu\u00dfball geht immer weiter. Diesmal ausw\u00e4rts, ohne mich. Das wird es diese Saison auch nicht geben. Mit dem Fahrrad war ich heute ausw\u00e4rts, aber das ist eine andere Geschichte.<\/p>\n<p>Bundesligastart. Ausw\u00e4rts. Gegner ist ein Aufsteiger.<br \/>\n<!--more--><br \/>\nEs war ein Aufsteiger, der sich hinter der eigenen Mittelinie verschanzt hat, nicht das ganze Spiel, aber die Taktik war klar: Nicht verlieren. So kommt dann leider kein offensives Fu\u00dfballspiel zusammen. Safety first war auch beim Gast die Ansage, gerade in den letzten Minuten konnte man sehen, da\u00df Mirko Slomka seine Spieler immer wieder nach hinten beorderte, selbst bei eigenem Ballbesitz.<\/p>\n<p><strong>Was mir nicht gefallen hat:<\/strong><br \/>\nGab nicht viel. <em>Dennis Diekmeier<\/em> schl\u00e4gt immer noch viele unwirksame Flanken. Das lernt er wohl nie. Ich h\u00e4tte mir einen Wechsel gew\u00fcnscht, um die letzten 15 Minuten noch mal was anders zu machen. Ivo raus, Rudi rein, h\u00e4tte mir gefallen.<\/p>\n<p><strong>Wen habe ich nicht gesehen:<\/strong><br \/>\n<em>Ivo Ilicevic<\/em> wirkt immer so, als wenn er viel drauf hat, da kommt dann aber immer so wenig. Er f\u00e4llt nie richtig auf. <em>Milan Badelj<\/em> wieder unauff\u00e4llig, aber diesmal hat er mehr positive Eindr\u00fccke bei mir hinterlassen. <em>Pierre-Michel Lasogga<\/em> war auch auf dem Platz. Eine Gro\u00dfchance, sonst fehlten einfach die Anspiele auf ihn. <em>Rene Adler<\/em> brauchte sich nicht grossartig einbringen. <em>Marcell Jansen<\/em> wieder links hinten, viel mir auch nicht auf. <em>Valon Behrami<\/em> weniger stolpernd als gegen Cottbus, auch er mu\u00df sich erst an die Bundesliga gew\u00f6hnen. <\/p>\n<p><strong>Was mir gefallen hat:<\/strong><br \/>\n<em>Heiko Westermann<\/em> und <em>Johan Djourou<\/em> machen das echt gut im Moment. Ja, es gab nicht viel zu tun, aber in der letzten Saison h\u00e4tte einer sich einen Bock geleistet. <em>Tolgay Arslan<\/em> offensiv vorne rechts zu bringen war ein toller Clou vom Trainer, das gefiel mir echt gut! Und Arslan auch. <em>Rafael van der Vaart<\/em> war in der ersten Halbzeit richtig klasse! In der zweiten Halbzeit tauchte er dann ab. <\/p>\n<p><strong>Fazit<\/strong><br \/>\nNicht verloren, das ist schon mal was, zumal es ausw\u00e4rts war.<\/p>\n<p>Das Spiel habe ich geschaut, weil es lief. Es lief aber an mir vorbei. Der Bundesligafu\u00dfball ist gerade so weit weg von mir, es ist schon merkw\u00fcrdig Fu\u00dfball ohne Emotionen zu schauen. Aber es ist vielleicht auch gut, da\u00df ich keine Emotionen zulasse. So hat man keine guten Momente, klar. Aber der Schmerz ist dann auch nicht da, was ich sehr begr\u00fcsse. Am Ende tut es doch eh immer weh.<\/p>\n<p>N\u00e4chste Woche ist mein erstes Heimspiel. Ich habe wirklich Angst, was mit mir passieren wird.<\/p>\n","protected":false},"excerpt":{"rendered":"<p>Das mit dem Fu\u00dfball geht immer weiter. Diesmal ausw\u00e4rts, ohne mich. Das wird es diese Saison auch nicht geben. Mit dem Fahrrad war ich heute ausw\u00e4rts, aber das ist eine andere Geschichte. Bundesligastart. Ausw\u00e4rts. Gegner ist ein Aufsteiger.<\/p>\n","protected":false},"author":2,"featured_media":0,"comment_status":"open","ping_status":"open","sticky":false,"template":"","format":"standard","meta":{"footnotes":""},"categories":[23,604],"tags":[39,642,650,603],"class_list":["post-6970","post","type-post","status-publish","format-standard","hentry","category-bundesliga","category-hsv-ag","tag-1-fc-koln","tag-bundesliga","tag-hsv-ag","tag-saison-20142015"],"_links":{"self":[{"href":"http:\/\/www.nedsblog.de\/index.php?rest_route=\/wp\/v2\/posts\/6970","targetHints":{"allow":["GET"]}}],"collection":[{"href":"http:\/\/www.nedsblog.de\/index.php?rest_route=\/wp\/v2\/posts"}],"about":[{"href":"http:\/\/www.nedsblog.de\/index.php?rest_route=\/wp\/v2\/types\/post"}],"author":[{"embeddable":true,"href":"http:\/\/www.nedsblog.de\/index.php?rest_route=\/wp\/v2\/users\/2"}],"replies":[{"embeddable":true,"href":"http:\/\/www.nedsblog.de\/index.php?rest_route=%2Fwp%2Fv2%2Fcomments&post=6970"}],"version-history":[{"count":1,"href":"http:\/\/www.nedsblog.de\/index.php?rest_route=\/wp\/v2\/posts\/6970\/revisions"}],"predecessor-version":[{"id":6971,"href":"http:\/\/www.nedsblog.de\/index.php?rest_route=\/wp\/v2\/posts\/6970\/revisions\/6971"}],"wp:attachment":[{"href":"http:\/\/www.nedsblog.de\/index.php?rest_route=%2Fwp%2Fv2%2Fmedia&parent=6970"}],"wp:term":[{"taxonomy":"category","embeddable":true,"href":"http:\/\/www.nedsblog.de\/index.php?rest_route=%2Fwp%2Fv2%2Fcategories&post=6970"},{"taxonomy":"post_tag","embeddable":true,"href":"http:\/\/www.nedsblog.de\/index.php?rest_route=%2Fwp%2Fv2%2Ftags&post=6970"}],"curies":[{"name":"wp","href":"https:\/\/api.w.org\/{rel}","templated":true}]}}