{"id":7025,"date":"2015-04-20T16:37:05","date_gmt":"2015-04-20T15:37:05","guid":{"rendered":"http:\/\/www.nedsblog.de\/?p=7025"},"modified":"2015-04-20T16:37:05","modified_gmt":"2015-04-20T15:37:05","slug":"die-struktur-ist-schuld","status":"publish","type":"post","link":"http:\/\/www.nedsblog.de\/?p=7025","title":{"rendered":"Die Struktur ist schuld!"},"content":{"rendered":"<p>So war es zu h\u00f6ren, so wurde argumentiert, so wurde ausgegliedert&#8230;<\/p>\n<p>Um es vorweg zu nehmen: Auch mit dem HSV noch als eingetragener Verein w\u00e4re die Lage nicht besser als sie es jetzt ist. Es ist da tats\u00e4chlich egal, was oben passiert. Wenn unten auf dem Platz keine Tore geschossen werden, dann liegt es nicht an der Organisationsform.<\/p>\n<p>Aber ich glaube man kann langsam sagen: Die Ausgliederung war falsch. Es hat sich n\u00e4mlich nichts ge\u00e4ndert. Die Verantwortlichen der AG sind genauso von Eitelkeit getrieben wie sie es beim e.V. zuletzt waren. Anstatt sich in Ruhe hinzusetzen, wollte sich die Mitgliedschaft f\u00fcr Europa aufstellen. Und bekommen es noch nicht mal hin, die Klasse zu halten, so sieht es zumindest derzeit aus.<\/p>\n<p>Bei der Ausgliederung vom 25.05.2014 ging es nicht um die Rechtsform des HSV. Vielmehr sollten K\u00f6pfe rollen, endlich Profis ans Werk gelassen werden. Zum Teil sind es die gleichen Profis, die schon im e.V. gearbeitet haben, aber was wei\u00df ich schon.<\/p>\n<p>Der Umbruch wurde verpasst. Wie immer wurde mit der Geldkanone auf alles geschossen, was nicht bei drei auf den B\u00e4umen ist, ohne nach Sinn und Verstand zu fragen. Es wurde an Trainern fest gehalten, obwohl die einmalige Chance bestand, den Umbruch auch dort zu vollziehen. Man h\u00e4tte Herrn Slomka sagen k\u00f6nnen, da\u00df es sehr nett von ihm war die Klasse zu halten, aber man nun einen anderen Weg gehen m\u00f6chte. Die Verpflichtungen von Bernhard Peters war ein erster Schritt. Auswirkungen seiner Arbeit werden aber erst in ein paar Jahren zu sehen sein. Wenn er dann noch da sein sollte. <\/p>\n<p>Mit Peter Kn\u00e4bel holte man sich einen Verantwortlichen f\u00fcr die Profimannschaft, mit dem man locker einen Umbruch h\u00e4tte beginnen k\u00f6nnen.<br \/>\nUnd dann sitzt er als Trainer auf der Bank. <\/p>\n<p>Der Aufsichtsrat h\u00e4tte die Chance gehabt zu beweisen, da\u00df er eben nicht von pers\u00f6nlicher Eitelkeit getrieben wird, sondern in Ruhe die Arbeit des Vorstands \u00fcberwachen m\u00f6chte. Was in aller Welt hat den Aufsichtsratsvorsitzendem dazu getrieben, Aussagen \u00fcber potentielle neue Trainer zu machen? Manfred Ertl w\u00e4re f\u00fcr diese Aussage \u00f6ffentlich hingerichtet worden. Aber es sind ja Profis am Werk<\/p>\n<p>Ganz ehrlich: All das h\u00e4tte man auch als e.V. haben k\u00f6nnen. Und dann setzt man sich zusammen und schaut, was man alles besser machen mu\u00df.<\/p>\n<p>Aber daf\u00fcr werden jetzt Anteile verscherbelt, ohne da\u00df die K\u00e4ufer einen Sitz im Aufsichtsrat bekommen. So wie es bei einer AG ganz normal ist. Nein, bei der HSV AG sitzt zwar die rechte Hand des gr\u00f6\u00dften Anteilseigners nach dem e.V. im Rat. Aber das hat nat\u00fcrlich nichts mit seiner Beziehung zu Klaus-Michael K\u00fchne zu tun.<\/p>\n<p>Meiner Meinung nach wurde alles falsch gemacht, was nur falsch gemacht werden konnte. <\/p>\n<p>Aber man hatte ja keine Zeit. Die alten Z\u00f6pfe mussten schnell abgeschnitten werden. Der Umbruch sofort und in aller Konsequenz kommen. Nun, das ist alles passiert. Ist es das, was erwartet wurde?<\/p>\n<p>Und Europa ist weit weg.<\/p>\n<p>Jetzt hat der HSV nichts mehr. Keine Identit\u00e4t, nur noch ein Fu\u00dfballclub wie viele andere. Ja, gut, die Raute ist seit 1919 da, aber mehr auch nicht. <\/p>\n<p>Ich hoffe alle, die f\u00fcr die Ausgliederung in dieser Form gestimmt haben, k\u00f6nnen morgens noch in den Spiegel gucken. Ich k\u00f6nnte das nicht.<\/p>\n<p>Allen, die emotional noch beteiligt sind w\u00fcnsche ich viel viel Kraft f\u00fcr die letzten Spiele. <\/p>\n","protected":false},"excerpt":{"rendered":"<p>So war es zu h\u00f6ren, so wurde argumentiert, so wurde ausgegliedert&#8230; Um es vorweg zu nehmen: Auch mit dem HSV noch als eingetragener Verein w\u00e4re die Lage nicht besser als sie es jetzt ist. Es ist da tats\u00e4chlich egal, was oben passiert. Wenn unten auf dem Platz keine Tore geschossen werden, dann liegt es nicht [&hellip;]<\/p>\n","protected":false},"author":2,"featured_media":0,"comment_status":"open","ping_status":"open","sticky":false,"template":"","format":"standard","meta":{"footnotes":""},"categories":[23,4,604,166],"tags":[],"class_list":["post-7025","post","type-post","status-publish","format-standard","hentry","category-bundesliga","category-hsv","category-hsv-ag","category-verein"],"_links":{"self":[{"href":"http:\/\/www.nedsblog.de\/index.php?rest_route=\/wp\/v2\/posts\/7025","targetHints":{"allow":["GET"]}}],"collection":[{"href":"http:\/\/www.nedsblog.de\/index.php?rest_route=\/wp\/v2\/posts"}],"about":[{"href":"http:\/\/www.nedsblog.de\/index.php?rest_route=\/wp\/v2\/types\/post"}],"author":[{"embeddable":true,"href":"http:\/\/www.nedsblog.de\/index.php?rest_route=\/wp\/v2\/users\/2"}],"replies":[{"embeddable":true,"href":"http:\/\/www.nedsblog.de\/index.php?rest_route=%2Fwp%2Fv2%2Fcomments&post=7025"}],"version-history":[{"count":2,"href":"http:\/\/www.nedsblog.de\/index.php?rest_route=\/wp\/v2\/posts\/7025\/revisions"}],"predecessor-version":[{"id":7027,"href":"http:\/\/www.nedsblog.de\/index.php?rest_route=\/wp\/v2\/posts\/7025\/revisions\/7027"}],"wp:attachment":[{"href":"http:\/\/www.nedsblog.de\/index.php?rest_route=%2Fwp%2Fv2%2Fmedia&parent=7025"}],"wp:term":[{"taxonomy":"category","embeddable":true,"href":"http:\/\/www.nedsblog.de\/index.php?rest_route=%2Fwp%2Fv2%2Fcategories&post=7025"},{"taxonomy":"post_tag","embeddable":true,"href":"http:\/\/www.nedsblog.de\/index.php?rest_route=%2Fwp%2Fv2%2Ftags&post=7025"}],"curies":[{"name":"wp","href":"https:\/\/api.w.org\/{rel}","templated":true}]}}