{"id":7087,"date":"2015-07-24T07:22:24","date_gmt":"2015-07-24T06:22:24","guid":{"rendered":"http:\/\/www.nedsblog.de\/?p=7087"},"modified":"2015-07-24T08:07:30","modified_gmt":"2015-07-24T07:07:30","slug":"5-fragen-an-den-hsv","status":"publish","type":"post","link":"http:\/\/www.nedsblog.de\/?p=7087","title":{"rendered":"5 Fragen an: Den HSV"},"content":{"rendered":"<p>Wie einigen bekannt sein sollte, verfolge ich die Bundesliga zwar weiter, habe aber meinen Verein dort irgendwie verloren. Da ich aber weiter den Profifu\u00dfball verfolgen kann (mein Sky Abo ist nat\u00fcrlich zu sp\u00e4t gek\u00fcndigt worden, also kann ich weiter Live die Bundesliga schauen) wollte ich ein kleine Vorschau f\u00fcr mich machen. Nur kann ich weder im kicker noch in der 11 Freunde das finden, was ich gerne \u00fcber die Clubs in der Liga wissen will.<\/p>\n<p>Aber wof\u00fcr gibt es Twitter? <\/p>\n<p>Heute habe ich das Vergn\u00fcgen mit <a href=\"http:\/\/www.twitter.com\/fschmidt77\" target=\"_blank\">@fschmidt77<\/a> vom HSV. <\/p>\n<p><strong>Welcher Transfer war in diesem Sommer wichtig?<\/strong><\/p>\n<p>Ach, das kann ich noch gar nicht so recht einsch\u00e4tzen. Ich kann dir aber verraten, welche Abg\u00e4nge wichtig waren: vdv! Jansen! HW4 (ja, auch der&#8230;)! Und Kacar und Ilicevic h\u00e4tten auch gerne gehen d\u00fcrfen.<br \/>\nVon den Neuen erhoffe ich mir, dass Spahic f\u00fcr ein bisschen konstruktiven Spielaufbau aus der Abwehr heraus sorgen kann, dass Sakai Diekmeier unter Druck setzt und im Zweifel ersetzt und dass die neuen St\u00fcrmer helfen, die Offensive zu einer zu machen, die den Namen verdient.<\/p>\n<p><strong>Welchen Spieler sollte ich mir unbedingt anschauen?<\/strong><\/p>\n<p>DROBN\u00dd! DROBN\u00dd! DROBN\u00dd! Und Marcelo Diaz, auch, aber nicht nur wegen des Freistosses in Karlsruhe. Diaz hat einige F\u00e4higkeiten, die wir mit Milan Badelj eigentlich verkauft haben, z.B. das gr\u00e4tschende Tackling mit Ballgewinn, der dann auch sauber zum Mitspieler gespielt wird.<\/p>\n<p><strong>Was kann dein Trainer, wie gut ist der wirklich?<\/strong><\/p>\n<p>Du wirst es nicht h\u00f6ren\/lesen wollen, aber ich habe f\u00fcrs erste meinen Frieden mit dem Problemb\u00e4ren gemacht. Wie er in wenigen Spielen aus einem Tr\u00fcmmerhaufen einen Nicht-Absteiger gemacht hat, das war schon nicht von schlechten Eltern. Wie lange der Zusammenhalt Trainer\/Mannschaft anh\u00e4lt? Keine Ahnung, aber vielleicht reicht es ja f\u00fcr eine Saison ohne arge Abstiegs\u00e4ngste.<\/p>\n<p><strong>Warum soll ich mir ausgerechnet\/unbedingt Spiele mit deinem Team anschauen?<\/strong><\/p>\n<p>Davon muss ich dich doch nicht \u00fcberzeugen, zu Falke gehst du doch eh! ;) Im Ernst: Egal, was ich dir erz\u00e4hle, es wird uns beiden nur wehtun&#8230;<\/p>\n<p><strong>STF &#8211; Sch\u00f6ntrinkfaktor<\/strong><br \/>\n<small>(von 1 &#8211; auch n\u00fcchtern zu ertragen bis 6 &#8211; nur nach 28 Pils zu ertragen)<\/small><\/p>\n<p>STF 2 &#8211; zu viel K\u00f6Pi soll nicht gut sein, au\u00dferdem sind wir sowas von abgeh\u00e4rtet, wir stehen alles durch &#8211; sogar ohne (ja ok, zumindest mit nur wenig) Alkohol.<\/p>\n<p>Vielen Dank f\u00fcr deine M\u00fche Tanja!<br \/>\nGerade die Frage 4 l\u00e4\u00dft mich nat\u00fcrlich gr\u00fcbelnd und nachdenklich zur\u00fcck. Aber dar\u00fcber habe ich schon genug geschrieben.<\/p>\n<p><a href=\"http:\/\/www.nedsblog.de\/?p=7091\" target=\"_blank\">(eine \u00dcbersicht aller Beitr\u00e4ge findet ihr hier)<\/a><\/p>\n","protected":false},"excerpt":{"rendered":"<p>Wie einigen bekannt sein sollte, verfolge ich die Bundesliga zwar weiter, habe aber meinen Verein dort irgendwie verloren. Da ich aber weiter den Profifu\u00dfball verfolgen kann (mein Sky Abo ist nat\u00fcrlich zu sp\u00e4t gek\u00fcndigt worden, also kann ich weiter Live die Bundesliga schauen) wollte ich ein kleine Vorschau f\u00fcr mich machen. Nur kann ich weder [&hellip;]<\/p>\n","protected":false},"author":2,"featured_media":0,"comment_status":"open","ping_status":"open","sticky":false,"template":"","format":"standard","meta":{"footnotes":""},"categories":[620,23],"tags":[642,583,639,619,308],"class_list":["post-7087","post","type-post","status-publish","format-standard","hentry","category-5-fragen-an","category-bundesliga","tag-bundesliga","tag-fschmidt77","tag-hsv","tag-saison-20152016","tag-vorschau"],"_links":{"self":[{"href":"http:\/\/www.nedsblog.de\/index.php?rest_route=\/wp\/v2\/posts\/7087","targetHints":{"allow":["GET"]}}],"collection":[{"href":"http:\/\/www.nedsblog.de\/index.php?rest_route=\/wp\/v2\/posts"}],"about":[{"href":"http:\/\/www.nedsblog.de\/index.php?rest_route=\/wp\/v2\/types\/post"}],"author":[{"embeddable":true,"href":"http:\/\/www.nedsblog.de\/index.php?rest_route=\/wp\/v2\/users\/2"}],"replies":[{"embeddable":true,"href":"http:\/\/www.nedsblog.de\/index.php?rest_route=%2Fwp%2Fv2%2Fcomments&post=7087"}],"version-history":[{"count":4,"href":"http:\/\/www.nedsblog.de\/index.php?rest_route=\/wp\/v2\/posts\/7087\/revisions"}],"predecessor-version":[{"id":7094,"href":"http:\/\/www.nedsblog.de\/index.php?rest_route=\/wp\/v2\/posts\/7087\/revisions\/7094"}],"wp:attachment":[{"href":"http:\/\/www.nedsblog.de\/index.php?rest_route=%2Fwp%2Fv2%2Fmedia&parent=7087"}],"wp:term":[{"taxonomy":"category","embeddable":true,"href":"http:\/\/www.nedsblog.de\/index.php?rest_route=%2Fwp%2Fv2%2Fcategories&post=7087"},{"taxonomy":"post_tag","embeddable":true,"href":"http:\/\/www.nedsblog.de\/index.php?rest_route=%2Fwp%2Fv2%2Ftags&post=7087"}],"curies":[{"name":"wp","href":"https:\/\/api.w.org\/{rel}","templated":true}]}}