{"id":7091,"date":"2015-07-24T08:06:34","date_gmt":"2015-07-24T07:06:34","guid":{"rendered":"http:\/\/www.nedsblog.de\/?p=7091"},"modified":"2015-08-14T08:50:40","modified_gmt":"2015-08-14T07:50:40","slug":"5-fragen-zur-bundesliga-saison-20152016","status":"publish","type":"post","link":"http:\/\/www.nedsblog.de\/?p=7091","title":{"rendered":"5 Fragen zur Bundesliga Saison 2015\/2016"},"content":{"rendered":"<p>Da ich nirgends eine gute Vorschau auf die neue Bundesliga Saison finden kann, dachte ich mir, ich mache meine eigene. <\/p>\n<p>Da ich keine Ahnung vom Profifu\u00dfball habe, lasse ich einfach mal Experten zu Wort kommen.<\/p>\n<p>Hier die Sammlung aller <a href=\"http:\/\/www.nedsblog.de\/?cat=620\" target=\"_blank\">Eintr\u00e4ge<\/a><\/p>\n<p>Einzeln hier:<br \/>\n<a href=\"http:\/\/www.nedsblog.de\/?p=7087\" target=\"_blank\">Tanja mit dem HSV (nur der!)<\/a><br \/>\n<a href=\"http:\/\/www.nedsblog.de\/?p=7095\" target=\"_blank\">Olaf und Borussia M\u00f6nchengladbach<\/a><br \/>\n<a href=\"http:\/\/www.nedsblog.de\/?p=7099\" target=\"_blank\">Tobias und Bayer 04 Leverkusen<\/a><br \/>\n<a href=\"http:\/\/www.nedsblog.de\/?p=7104\" target=\"_blank\">Max und der FC Schalke 04 eV<\/a><br \/>\n<a href=\"http:\/\/www.nedsblog.de\/?p=7108\" target=\"_blank\">Antonia und der VfL Wolfsburg<\/a><br \/>\n<a href=\"http:\/\/www.nedsblog.de\/?p=7112\" target=\"_blank\">Stefan und die Borussia aus Dortmund<\/a><br \/>\n<a href=\"http:\/\/www.nedsblog.de\/?p=7119\" target=\"_blank\">Henry mit der Hertha aus Berlin<\/a><br \/>\n<a href=\"http:\/\/www.nedsblog.de\/?p=7123\" target=\"_blank\">Axel und der Effzeh<\/a><br \/>\n<a href=\"http:\/\/www.nedsblog.de\/?p=7127\" target=\"_blank\">Kristell und der FC Augsburg<\/a><br \/>\n<a href=\"http:\/\/www.nedsblog.de\/?p=7131\" target=\"_blank\">Marvin und die Eintracht<\/a><br \/>\n<a href=\"http:\/\/www.nedsblog.de\/?p=7134\" target=\"_blank\">Christian mit den Lilien<\/a><br \/>\n<a href=\"http:\/\/www.nedsblog.de\/?p=7136\" target=\"_blank\">Julian mit Hoffenheim<\/a><br \/>\n<a href=\"http:\/\/www.nedsblog.de\/?p=7138\" target=\"_blank\">Tobias und der SVW<\/a><br \/>\n<a href=\"http:\/\/www.nedsblog.de\/?p=7151\" target=\"_blank\">Klaas und Hannover<\/a><br \/>\n<a href=\"http:\/\/www.nedsblog.de\/?p=7155\" target=\"_blank\">Julia vom FC Ingolstadt<\/a><br \/>\n<a href=\"http:\/\/www.nedsblog.de\/?p=7158\" target=\"_blank\">Mara und der FSV Mainz 05<\/a><br \/>\n<a href=\"http:\/\/www.nedsblog.de\/?p=7161\" target=\"_blank\">Heinzkamke (Hass Cup Sieger!) vom VfB Stuttgart<\/a><br \/>\n<a href=\"http:\/\/www.nedsblog.de\/?p=7164\" target=\"_blank\">Yalcin und der FC Bayern M\u00fcnchen<\/a><\/p>\n","protected":false},"excerpt":{"rendered":"<p>Da ich nirgends eine gute Vorschau auf die neue Bundesliga Saison finden kann, dachte ich mir, ich mache meine eigene. Da ich keine Ahnung vom Profifu\u00dfball habe, lasse ich einfach mal Experten zu Wort kommen. Hier die Sammlung aller Eintr\u00e4ge Einzeln hier: Tanja mit dem HSV (nur der!) Olaf und Borussia M\u00f6nchengladbach Tobias und Bayer [&hellip;]<\/p>\n","protected":false},"author":2,"featured_media":0,"comment_status":"open","ping_status":"open","sticky":false,"template":"","format":"standard","meta":{"footnotes":""},"categories":[620,23],"tags":[642,619,308],"class_list":["post-7091","post","type-post","status-publish","format-standard","hentry","category-5-fragen-an","category-bundesliga","tag-bundesliga","tag-saison-20152016","tag-vorschau"],"_links":{"self":[{"href":"http:\/\/www.nedsblog.de\/index.php?rest_route=\/wp\/v2\/posts\/7091","targetHints":{"allow":["GET"]}}],"collection":[{"href":"http:\/\/www.nedsblog.de\/index.php?rest_route=\/wp\/v2\/posts"}],"about":[{"href":"http:\/\/www.nedsblog.de\/index.php?rest_route=\/wp\/v2\/types\/post"}],"author":[{"embeddable":true,"href":"http:\/\/www.nedsblog.de\/index.php?rest_route=\/wp\/v2\/users\/2"}],"replies":[{"embeddable":true,"href":"http:\/\/www.nedsblog.de\/index.php?rest_route=%2Fwp%2Fv2%2Fcomments&post=7091"}],"version-history":[{"count":15,"href":"http:\/\/www.nedsblog.de\/index.php?rest_route=\/wp\/v2\/posts\/7091\/revisions"}],"predecessor-version":[{"id":7170,"href":"http:\/\/www.nedsblog.de\/index.php?rest_route=\/wp\/v2\/posts\/7091\/revisions\/7170"}],"wp:attachment":[{"href":"http:\/\/www.nedsblog.de\/index.php?rest_route=%2Fwp%2Fv2%2Fmedia&parent=7091"}],"wp:term":[{"taxonomy":"category","embeddable":true,"href":"http:\/\/www.nedsblog.de\/index.php?rest_route=%2Fwp%2Fv2%2Fcategories&post=7091"},{"taxonomy":"post_tag","embeddable":true,"href":"http:\/\/www.nedsblog.de\/index.php?rest_route=%2Fwp%2Fv2%2Ftags&post=7091"}],"curies":[{"name":"wp","href":"https:\/\/api.w.org\/{rel}","templated":true}]}}