{"id":7099,"date":"2015-07-26T08:00:40","date_gmt":"2015-07-26T07:00:40","guid":{"rendered":"http:\/\/www.nedsblog.de\/?p=7099"},"modified":"2015-07-24T12:15:01","modified_gmt":"2015-07-24T11:15:01","slug":"5-fragen-an-bayer-04-leverkusen","status":"publish","type":"post","link":"http:\/\/www.nedsblog.de\/?p=7099","title":{"rendered":"5 Fragen an: Bayer 04 Leverkusen"},"content":{"rendered":"<p>Wie einigen bekannt sein sollte, verfolge ich die Bundesliga zwar weiter, habe aber meinen Verein dort irgendwie verloren. Da ich aber weiter den Profifu\u00dfball verfolgen kann (mein Sky Abo ist nat\u00fcrlich zu sp\u00e4t gek\u00fcndigt worden, also kann ich weiter Live die Bundesliga schauen) wollte ich ein kleine Vorschau f\u00fcr mich machen. Nur kann ich weder im kicker noch in der 11 Freunde das finden, was ich gerne \u00fcber die Clubs in der Liga wissen will.<\/p>\n<p>Aber wof\u00fcr gibt es Twitter? <\/p>\n<p>Heute habe ich das Vergn\u00fcgen mit <a href=\"http:\/\/www.twitter.com\/farbenstadttobi\" target=\"_blank\">@FarbenStadtTobi<\/a> von der Werkself aus Leverkusen 04. Oder so.<\/p>\n<p><strong>Welcher Transfer war in diesem Sommer wichtig?<\/strong><\/p>\n<p>Kommt wohl noch ein wenig zu fr\u00fch, da die Kaderplanung noch l\u00e4ngst nicht abgeschlossen ist. Bisher wurde ja nur Kramer zur\u00fcckgeholt der wol eine \u00e4hnliche Rolle wie Rolfes spielen wird. Dazu kommt dann noch Tah, der mir bisher noch nicht so ins Auge gefallen ist. Mal sehen ob er die hohe Abl\u00f6se wert ist. Dennoch sollte noch ein Mittelfeldspieler und ein St\u00fcrmer her.<\/p>\n<p><strong>Welchen Spieler sollte ich mir unbedingt anschauen?<\/strong><\/p>\n<p>Wendell. Was der Junge f\u00fcr Fortschritte macht&#8230;..unglaublich.<\/p>\n<p><strong>Was kann dein Trainer, wie gut ist der wirklich?<\/strong><\/p>\n<p>Er hat eine Idee von einem Spielstil und die zieht er durch. Und er hat es geschafft diese auch zu optimieren.(besser an die Spieler angepasst). Macht Spa\u00df ins Stadion zu gehen.<\/p>\n<p><strong>Warum soll ich mir ausgerechnet\/unbedingt Spiele mit deinem Team anschauen?<\/strong><\/p>\n<p>Es ist was los. Junge Spieler die mit dem Trainer einen anderen Spilstil pflegen und erlernen.<br \/>\nMacht Spa\u00df.<\/p>\n<p><strong>STF &#8211; Sch\u00f6ntrinkfaktor<\/strong><br \/>\n<small>(von 1 &#8211; auch n\u00fcchtern zu ertragen bis 6 &#8211; nur nach 28 Pils zu ertragen)<\/small><\/p>\n<p>Verstehe die Frage nicht. Man kann n\u00fcchtern ins Stadion?<\/p>\n<p>Vielen Dank f\u00fcr deine M\u00fche Tobi!<\/p>\n<p>Leverkusen wird ja eh st\u00e4rker in meinem Fokus liegen diese Saison, da Jonathan Tah dort hin gewechselt ist.<\/p>\n<p><a href=\"http:\/\/www.nedsblog.de\/?p=7091\" target=\"_blank\">(eine \u00dcbersicht aller Beitr\u00e4ge findet ihr hier)<\/a><\/p>\n","protected":false},"excerpt":{"rendered":"<p>Wie einigen bekannt sein sollte, verfolge ich die Bundesliga zwar weiter, habe aber meinen Verein dort irgendwie verloren. Da ich aber weiter den Profifu\u00dfball verfolgen kann (mein Sky Abo ist nat\u00fcrlich zu sp\u00e4t gek\u00fcndigt worden, also kann ich weiter Live die Bundesliga schauen) wollte ich ein kleine Vorschau f\u00fcr mich machen. Nur kann ich weder [&hellip;]<\/p>\n","protected":false},"author":2,"featured_media":0,"comment_status":"open","ping_status":"open","sticky":false,"template":"","format":"standard","meta":{"footnotes":""},"categories":[620,23],"tags":[233,642,622,619,308],"class_list":["post-7099","post","type-post","status-publish","format-standard","hentry","category-5-fragen-an","category-bundesliga","tag-bayer-04-leverkusen","tag-bundesliga","tag-frabenstadttobi","tag-saison-20152016","tag-vorschau"],"_links":{"self":[{"href":"http:\/\/www.nedsblog.de\/index.php?rest_route=\/wp\/v2\/posts\/7099","targetHints":{"allow":["GET"]}}],"collection":[{"href":"http:\/\/www.nedsblog.de\/index.php?rest_route=\/wp\/v2\/posts"}],"about":[{"href":"http:\/\/www.nedsblog.de\/index.php?rest_route=\/wp\/v2\/types\/post"}],"author":[{"embeddable":true,"href":"http:\/\/www.nedsblog.de\/index.php?rest_route=\/wp\/v2\/users\/2"}],"replies":[{"embeddable":true,"href":"http:\/\/www.nedsblog.de\/index.php?rest_route=%2Fwp%2Fv2%2Fcomments&post=7099"}],"version-history":[{"count":2,"href":"http:\/\/www.nedsblog.de\/index.php?rest_route=\/wp\/v2\/posts\/7099\/revisions"}],"predecessor-version":[{"id":7101,"href":"http:\/\/www.nedsblog.de\/index.php?rest_route=\/wp\/v2\/posts\/7099\/revisions\/7101"}],"wp:attachment":[{"href":"http:\/\/www.nedsblog.de\/index.php?rest_route=%2Fwp%2Fv2%2Fmedia&parent=7099"}],"wp:term":[{"taxonomy":"category","embeddable":true,"href":"http:\/\/www.nedsblog.de\/index.php?rest_route=%2Fwp%2Fv2%2Fcategories&post=7099"},{"taxonomy":"post_tag","embeddable":true,"href":"http:\/\/www.nedsblog.de\/index.php?rest_route=%2Fwp%2Fv2%2Ftags&post=7099"}],"curies":[{"name":"wp","href":"https:\/\/api.w.org\/{rel}","templated":true}]}}