{"id":7108,"date":"2015-07-28T07:00:58","date_gmt":"2015-07-28T06:00:58","guid":{"rendered":"http:\/\/www.nedsblog.de\/?p=7108"},"modified":"2015-07-26T19:40:35","modified_gmt":"2015-07-26T18:40:35","slug":"5-fragen-an-den-vfl-wolfsburg","status":"publish","type":"post","link":"http:\/\/www.nedsblog.de\/?p=7108","title":{"rendered":"5 Fragen an: VfL Wolfsburg"},"content":{"rendered":"<p>Wie einigen bekannt sein sollte, verfolge ich die Bundesliga zwar weiter, habe aber meinen Verein dort irgendwie verloren. Da ich aber weiter den Profifu\u00dfball verfolgen kann (mein Sky Abo ist nat\u00fcrlich zu sp\u00e4t gek\u00fcndigt worden, also kann ich weiter Live die Bundesliga schauen) wollte ich ein kleine Vorschau f\u00fcr mich machen. Nur kann ich weder im kicker noch in der 11 Freunde das finden, was ich gerne \u00fcber die Clubs in der Liga wissen will.<\/p>\n<p>Aber wof\u00fcr gibt es Twitter? <\/p>\n<p>Heute habe ich das Vergn\u00fcgen mit <a href=\"http:\/\/www.twitter.com\/antoniasxn\" target=\"_blank\">@antoniasxn<\/a> vom VfL Wolfsburg<\/p>\n<p><strong>Welcher Transfer war in diesem Sommer wichtig?<\/strong><\/p>\n<p>Der wichtigste Transfer (bis jetzt) war wohl Max Kruse. Ich denke, dass er unser Spiel als St\u00fcrmer variabler und besser macht. Au\u00dferdem erh\u00f6ht er den Druck f\u00fcr Bas Dost, der ja im letzten halben Jahr so gut wie gesetzt war. Ich halte allerdings nat\u00fcrlich auch die Verpflichtungen von Francisco Rodriguez und Carlos Ascues f\u00fcr gut und wichtig. <\/p>\n<p><strong>Welchen Spieler sollte ich mir unbedingt anschauen?<\/strong><\/p>\n<p>Es ist jetzt zwar billig Kevin De Bruyne zu nennen, aber es ist die einzig richtige Antwort. Au\u00dferdem entwickelt sich Vieirinha momentan zu einem Weltklasse-Spieler. Youngsters wie Maxi Arnold und Robin Knoche sind auch immer beachtenswert.<\/p>\n<p><strong>Was kann dein Trainer, wie gut ist der wirklich?<\/strong><\/p>\n<p>Ich denke, was Dieter Hecking in Zusammenarbeit mit Klaus Allofs, in den bisherigen wenigen Jahren aus diesem Verein gemacht hat, spricht f\u00fcr sich. Er steht f\u00fcr Ruhe und Konstanz, aber gleichzeitig auch f\u00fcr Leidenschaft und Emotionen. Auch, dass er nicht alles zu ernst nimmt, spricht sehr f\u00fcr ihn. Das wichtigste, was ihn zu einem so guten Trainer macht, ist allerdings, dass er aus dem Verein mit Topstars wie Andr\u00e9 Sch\u00fcrrle, Kevin De Bruyne und Luiz Gustavo und eher unbekannten Spielern wie Timm Klose und Maxi Arnold ein richtiges Team gemacht hat.\n<\/p>\n<p><strong>Warum soll ich mir ausgerechnet\/unbedingt Spiele mit deinem Team anschauen?<\/strong><\/p>\n<p>Es wird nie langweilig. Wolfsburg schafft es in einem Spiel ein v\u00f6llig konstantes 2-0 zu erspielen und im n\u00e4chsten eine 3-0 F\u00fchrung zu verspielen, um dann noch in der letzten Minute das Siegtor zu erzielen. Es macht einfach Spa\u00df, so sehr man sich doch aufregt. Au\u00dferdem verlieren sie in letzter Zeit sehr selten. <\/p>\n<p><strong>STF &#8211; Sch\u00f6ntrinkfaktor<\/strong><br \/>\n<small>(von 1 &#8211; auch n\u00fcchtern zu ertragen bis 6 &#8211; nur nach 28 Pils zu ertragen)<\/small><\/p>\n<p>Klare 1- solange man sich nicht all zu sehr \u00fcber ungenutzte Chancen und sehr viele Tore sowie Gegentore aufregt.<\/p>\n<p>Vielen Dank f\u00fcr deine M\u00fche Antonia!<br \/>\nDe Bruyne habe ich sogar in meiner Kicker Manager Elf, der beste Spieler in der letzten Saison und auch dieses Jahr erwarte ich viel von ihm.<\/p>\n<p><a href=\"http:\/\/www.nedsblog.de\/?p=7091\" target=\"_blank\">(eine \u00dcbersicht aller Beitr\u00e4ge findet ihr hier)<\/a><\/p>\n","protected":false},"excerpt":{"rendered":"<p>Wie einigen bekannt sein sollte, verfolge ich die Bundesliga zwar weiter, habe aber meinen Verein dort irgendwie verloren. Da ich aber weiter den Profifu\u00dfball verfolgen kann (mein Sky Abo ist nat\u00fcrlich zu sp\u00e4t gek\u00fcndigt worden, also kann ich weiter Live die Bundesliga schauen) wollte ich ein kleine Vorschau f\u00fcr mich machen. Nur kann ich weder [&hellip;]<\/p>\n","protected":false},"author":2,"featured_media":0,"comment_status":"open","ping_status":"open","sticky":false,"template":"","format":"standard","meta":{"footnotes":""},"categories":[620,23],"tags":[624,642,619,249,308],"class_list":["post-7108","post","type-post","status-publish","format-standard","hentry","category-5-fragen-an","category-bundesliga","tag-antoniasxn","tag-bundesliga","tag-saison-20152016","tag-vfl-wolfsburg","tag-vorschau"],"_links":{"self":[{"href":"http:\/\/www.nedsblog.de\/index.php?rest_route=\/wp\/v2\/posts\/7108","targetHints":{"allow":["GET"]}}],"collection":[{"href":"http:\/\/www.nedsblog.de\/index.php?rest_route=\/wp\/v2\/posts"}],"about":[{"href":"http:\/\/www.nedsblog.de\/index.php?rest_route=\/wp\/v2\/types\/post"}],"author":[{"embeddable":true,"href":"http:\/\/www.nedsblog.de\/index.php?rest_route=\/wp\/v2\/users\/2"}],"replies":[{"embeddable":true,"href":"http:\/\/www.nedsblog.de\/index.php?rest_route=%2Fwp%2Fv2%2Fcomments&post=7108"}],"version-history":[{"count":2,"href":"http:\/\/www.nedsblog.de\/index.php?rest_route=\/wp\/v2\/posts\/7108\/revisions"}],"predecessor-version":[{"id":7110,"href":"http:\/\/www.nedsblog.de\/index.php?rest_route=\/wp\/v2\/posts\/7108\/revisions\/7110"}],"wp:attachment":[{"href":"http:\/\/www.nedsblog.de\/index.php?rest_route=%2Fwp%2Fv2%2Fmedia&parent=7108"}],"wp:term":[{"taxonomy":"category","embeddable":true,"href":"http:\/\/www.nedsblog.de\/index.php?rest_route=%2Fwp%2Fv2%2Fcategories&post=7108"},{"taxonomy":"post_tag","embeddable":true,"href":"http:\/\/www.nedsblog.de\/index.php?rest_route=%2Fwp%2Fv2%2Ftags&post=7108"}],"curies":[{"name":"wp","href":"https:\/\/api.w.org\/{rel}","templated":true}]}}