{"id":7123,"date":"2015-07-31T07:00:37","date_gmt":"2015-07-31T06:00:37","guid":{"rendered":"http:\/\/www.nedsblog.de\/?p=7123"},"modified":"2015-07-31T07:29:50","modified_gmt":"2015-07-31T06:29:50","slug":"5-fragen-an-den-effzeh","status":"publish","type":"post","link":"http:\/\/www.nedsblog.de\/?p=7123","title":{"rendered":"5 Fragen an: den Effzeh"},"content":{"rendered":"<p>Wie einigen bekannt sein sollte, verfolge ich die Bundesliga zwar weiter, habe aber meinen Verein dort irgendwie verloren. Da ich aber weiter den Profifu\u00dfball verfolgen kann (mein Sky Abo ist nat\u00fcrlich zu sp\u00e4t gek\u00fcndigt worden, also kann ich weiter Live die Bundesliga schauen) wollte ich ein kleine Vorschau f\u00fcr mich machen. Nur kann ich weder im kicker noch in der 11 Freunde das finden, was ich gerne \u00fcber die Clubs in der Liga wissen will.<\/p>\n<p>Aber wof\u00fcr gibt es Twitter? <\/p>\n<p>Heute habe ich das Vergn\u00fcgen mit <a href=\"http:\/\/www.twitter.com\/lostinnippes\" target=\"_blank\">@lostinnippes<\/a> vom Effzeh<\/p>\n<p><strong>Welcher Transfer war in diesem Sommer wichtig?<\/strong><\/p>\n<p>Och, so genau kann man das vor der Saison doch gar nicht sagen. Nach der letzten Saison haben wir sicher das Offensivspiel als den Mannschaftsteil mit dem meisten Steigerungspotential im Visier gehabt aber als dann Wimmer nach Tottenham wechselte und Maroh und Mavraij sich verletzten, standen wir auf einmal ohne Innenverteidigung da. Also musste die sportliche F\u00fchrung auch dort eine Baustelle aufmachen.<br \/>\nMan muss aber erst einmal abwarten ob sich Dominique Heintz und\/oder Frederik S\u00f6rensen in der Liga und damit in der Mannschaft etablieren k\u00f6nnen. So ganz sicher bin ich da leider nicht. Um aber noch einmal die Kurve zu unserem Offensivproblem zu bekommen: Nat\u00fcrlich musste nach dem (doch \u00fcberraschendem) Abgang von Tony Ujah ein m\u00f6glichst anlagengleicher Ersatz her. Mit Tony Modeste ist dies dem Verein mMn jedoch gelungen. Der Mann ist kopfballstark und ebenso ein Brecher wie Ujah. Seine Aufgaben werden sich nicht (nur) auf das Tore schiessen beschr\u00e4nken, sondern durch seine k\u00f6rperliche Pr\u00e4senz wird er Abwehrspieler binden und damit L\u00fccken reissen k\u00f6nnen. So stelle ich mir das jedenfalls vor.<br \/>\nMit Hosiner, Jojic und Bittencourt hat der 1.FC K\u00f6ln dann in die Kadertiefe investiert. Da sind keine &#8222;Kracher&#8220; dabei aber allesamt sind das solide Transfers, die f\u00fcr einen Verein im zweiten Erstligajahr gar nicht so schlecht sind. Man bekommt durch diese Spieler mehr Flexibilit\u00e4t in die Mannschaft und kann im Zweifel reagieren. Einen Qualit\u00e4tsunterschied in diesen Transfers m\u00f6chte ich da gar nicht ausmachen. Und so ist der vielleicht wichtigste Transfer der von Leonadro Bittencourt von Hannover 96, allein weil es die neue Seri\u00f6sit\u00e4t des Vereins unterstreicht. Schmadtke (sicher im Zusammenspiel mit St\u00f6ger und Wehrle) wickelte den Transfer laut- und ger\u00fcchtelos ab. Das kennen wir so nicht aus K\u00f6ln.<\/p>\n<p><strong>Welchen Spieler sollte ich mir unbedingt anschauen?<\/strong><\/p>\n<p>Aus sehr unterschiedlichen Gr\u00fcnden nenne ich hier drei Spieler:<br \/>\n1. Timo Horn, Weltmeister 2018<br \/>\n2. Kazuki Nagasawa, japanischer Wirbelwind. Erfrischend, unterhaltsam, mein Geheimtipp<br \/>\n3. Pawel Olkowski, rechte Au\u00dfenbahn. Sehr starker Offensivdrang, Flankengeber. Er belebt das Spiel.<\/p>\n<p><strong>Was kann dein Trainer, wie gut ist der wirklich?<\/strong><\/p>\n<p>Peter St\u00f6ger ist ein absoluter Gl\u00fccksfall f\u00fcr K\u00f6ln. Er scheint sich in der Stadt und im Verein wohl zu f\u00fchlen und macht in jeder Situation einen absolut souver\u00e4nen Eindruck. Ich halte ihn f\u00fcr einen sehr intelligenten Trainer, der situativ anpassend arbeitet. In \u00d6sterreich wurde er mit der Austria 2013 Meister mit einem neuen Torrekord in der Liga. Er hatte das Material nach vorne zu spielen. In K\u00f6ln stand er dann vor der Herausforderung einen komplett anders ausgerichteten Kader zu formen, der die Defensive im Mittelpunkt hatte. Das gelang ihm spielend. Er macht Spieler besser, er ist im positivsten Sinne ein Fu\u00dfballlehrer, der das Spiel fortlaufend anlysiert und mit kleinen \u00c4nderungen in eine v\u00f6llig neue Richtung lenken kann. Ich bin gro\u00dfer Fan und hoffe er bleibt uns noch lange erhalten.<\/p>\n<p><strong>Warum soll ich mir ausgerechnet\/unbedingt Spiele mit deinem Team anschauen?<\/strong><\/p>\n<p>Weil ich der festen \u00dcberzeugung bin, dass die Tage des 0:0 in K\u00f6ln vorbei sind. Wir stehen breiter, tiefer in der Offensive und haben nach hinten vielleicht nicht ganz das Potential wie letztes Jahr. Ich kann mir vorstellen, dass da ein paar mehr Tore fallen werden. Auf beiden Seiten. Au\u00dferdem haben wir den Florida Cup geholt und sind damit das einzige deutsche Team das in letzten Jahr ZWEI brasilianische Mannschaften geschlagen hat. Und wenn das nicht reichen sollte, dann verweise ich auf die Stadionshots der SKY Regie. In K\u00f6ln stehen nat\u00fcrlich die sch\u00f6nsten M\u00e4dchen in der Kurve. Das lohnt sich immer.<\/p>\n<p><strong>STF &#8211; Sch\u00f6ntrinkfaktor<\/strong><br \/>\n<small>(von 1 &#8211; auch n\u00fcchtern zu ertragen bis 6 &#8211; nur nach 28 Pils zu ertragen)<\/small><\/p>\n<p>5 &#8211; Der 1.FC K\u00f6ln ist der 1.FC K\u00f6ln, ist der 1.FC K\u00f6ln. Es passiert immer irgendwas. Wir haben uns in den letzten 25 Jahren eine Grundskepsis erarbeitet, die auch zwei, drei gute, ruhige Jahre nicht wegwischen k\u00f6nnen. Hinter der n\u00e4chsten Ecke wartet der Teufel und macht uns einen Strich durch die rosarote Rechnung. Lieber vorher ein lecker K\u00f6lsch, da kann man dann im Zweifel immer besser lachen.<\/p>\n<p>Vielen Dank f\u00fcr deine M\u00fche Axel!<\/p>\n<p>Meine Verbindung zum Effzeh ist mittlerweile enger als zu der Zeit mit Toni Schumacher. Ich werde sogar mal ausw\u00e4rts mitfahren (Frankfurt). Ich finde den Verein insgesamt sehr interessant: Wie wird es auch in Zukunft geschafft, da\u00df der 1. FC K\u00f6ln ein feiner feiner Verein bleibt und dennoch der Effzeh ist.<br \/>\nBei den Spielern interessiert mich auch, wie Hosiner sich machen wird. Wer nach so einer Krankheitsgeschichte weiterhin Fu\u00dfball spielen will, dem zolle ich Respekt.<br \/>\nHeard here first: Timo Horn wird Bayern Torh\u00fcter werden. <\/p>\n<p>Aber sauer bin ich doch auf den ach so feinen feinen Club: Da will ich mir sogar Spiele vor Ort anschauen und dann wird Miso Brecko einfach so abgegeben! Ganz mieses Spiel da in M\u00fcngersdorf!<\/p>\n<p><a href=\"http:\/\/www.nedsblog.de\/?p=7091\" target=\"_blank\">(eine \u00dcbersicht aller Beitr\u00e4ge findet ihr hier)<\/a><\/p>\n","protected":false},"excerpt":{"rendered":"<p>Wie einigen bekannt sein sollte, verfolge ich die Bundesliga zwar weiter, habe aber meinen Verein dort irgendwie verloren. Da ich aber weiter den Profifu\u00dfball verfolgen kann (mein Sky Abo ist nat\u00fcrlich zu sp\u00e4t gek\u00fcndigt worden, also kann ich weiter Live die Bundesliga schauen) wollte ich ein kleine Vorschau f\u00fcr mich machen. Nur kann ich weder [&hellip;]<\/p>\n","protected":false},"author":2,"featured_media":0,"comment_status":"open","ping_status":"open","sticky":false,"template":"","format":"standard","meta":{"footnotes":""},"categories":[620,23],"tags":[39,642,627,582,619,308],"class_list":["post-7123","post","type-post","status-publish","format-standard","hentry","category-5-fragen-an","category-bundesliga","tag-1-fc-koln","tag-bundesliga","tag-effzeh","tag-lostinnippes","tag-saison-20152016","tag-vorschau"],"_links":{"self":[{"href":"http:\/\/www.nedsblog.de\/index.php?rest_route=\/wp\/v2\/posts\/7123","targetHints":{"allow":["GET"]}}],"collection":[{"href":"http:\/\/www.nedsblog.de\/index.php?rest_route=\/wp\/v2\/posts"}],"about":[{"href":"http:\/\/www.nedsblog.de\/index.php?rest_route=\/wp\/v2\/types\/post"}],"author":[{"embeddable":true,"href":"http:\/\/www.nedsblog.de\/index.php?rest_route=\/wp\/v2\/users\/2"}],"replies":[{"embeddable":true,"href":"http:\/\/www.nedsblog.de\/index.php?rest_route=%2Fwp%2Fv2%2Fcomments&post=7123"}],"version-history":[{"count":6,"href":"http:\/\/www.nedsblog.de\/index.php?rest_route=\/wp\/v2\/posts\/7123\/revisions"}],"predecessor-version":[{"id":7145,"href":"http:\/\/www.nedsblog.de\/index.php?rest_route=\/wp\/v2\/posts\/7123\/revisions\/7145"}],"wp:attachment":[{"href":"http:\/\/www.nedsblog.de\/index.php?rest_route=%2Fwp%2Fv2%2Fmedia&parent=7123"}],"wp:term":[{"taxonomy":"category","embeddable":true,"href":"http:\/\/www.nedsblog.de\/index.php?rest_route=%2Fwp%2Fv2%2Fcategories&post=7123"},{"taxonomy":"post_tag","embeddable":true,"href":"http:\/\/www.nedsblog.de\/index.php?rest_route=%2Fwp%2Fv2%2Ftags&post=7123"}],"curies":[{"name":"wp","href":"https:\/\/api.w.org\/{rel}","templated":true}]}}