{"id":7134,"date":"2015-08-05T07:00:50","date_gmt":"2015-08-05T06:00:50","guid":{"rendered":"http:\/\/www.nedsblog.de\/?p=7134"},"modified":"2015-07-30T09:32:44","modified_gmt":"2015-07-30T08:32:44","slug":"5-fragen-an-die-lilien-sv-darmstadt-98","status":"publish","type":"post","link":"http:\/\/www.nedsblog.de\/?p=7134","title":{"rendered":"5 Fragen an: Die Lilien (SV Darmstadt 98)"},"content":{"rendered":"<p>Wie einigen bekannt sein sollte, verfolge ich die Bundesliga zwar weiter, habe aber meinen Verein dort irgendwie verloren. Da ich aber weiter den Profifu\u00dfball verfolgen kann (mein Sky Abo ist nat\u00fcrlich zu sp\u00e4t gek\u00fcndigt worden, also kann ich weiter Live die Bundesliga schauen) wollte ich ein kleine Vorschau f\u00fcr mich machen. Nur kann ich weder im kicker noch in der 11 Freunde das finden, was ich gerne \u00fcber die Clubs in der Liga wissen will.<\/p>\n<p>Aber wof\u00fcr gibt es Twitter? <\/p>\n<p>Heute habe ich das Vergn\u00fcgen mit <a href=\"http:\/\/www.twitter.com\/exillilie\" target=\"_blank\">@exillilie<\/a> von Darmstadt 98<\/p>\n<p><strong>Welcher Transfer war in diesem Sommer wichtig?<\/strong><\/p>\n<p>Wichtig waren sicherlich die Transfers der bundesligaerfahrenen Kicker Rausch, Caldirola und Vrancic. Rosenthal konnte mich in der vergangenen Halbserie nicht wirklich \u00fcberzeugen, aber irgendetwas sieht Schuster in ihm. Neben der sch\u00f6nen Schlagzeile \u201eDarmstadt kauft Holland\u201c, ist eine Weiterbesch\u00e4ftigung von Fabian auch sportlich sinnvoll. Auch wenn er bereits in der Winterpause verpflichtet wurde, sortiere ich den waschechten Darmst\u00e4dter Yannick Stark als Neuzugang ein, der sich hoffentlich im offensiven Mittelfeld seinen Stammplatz sichern kann. Aber wer wei\u00df schon, was Coach Schuster noch aus dem sich langsam abk\u00fchlenden Transfermarkt fischt. Ein K\u00f6nigstransfer im Angriff w\u00e4re recht.<\/p>\n<p><strong>Welchen Spieler sollte ich mir unbedingt anschauen?<\/strong><\/p>\n<p>Ich w\u00fcrde Marcel Heller empfehlen, aber der ist mit blo\u00dfem Auge kaum zu erkennen.<\/p>\n<p><strong>Was kann dein Trainer, wie gut ist der wirklich?<\/strong><\/p>\n<p>Dirk Schuster kann alles. Hinten dicht und nur lang nach vorne, antiquierte Trainingsmethoden und immerw\u00e4hrendes Understatement? Dar\u00fcber sollen sich andere echauffieren.<\/p>\n<p><strong>Warum soll ich mir ausgerechnet\/unbedingt Spiele mit deinem Team anschauen?<\/strong><\/p>\n<p>Ja gut, \u00e4\u00e4\u00e4h, Darmstadt ist nicht Barcelona. Aber sehenswert ist sicherlich unser \u201eTaliban-Giftzwerg\u201c Marco \u201aToni\u2018 Sailer. Es gibt auch Menschen, die sich an kompromissloser Abwehrarbeit erfreuen k\u00f6nnen. Solltest Du zu diesem Menschenschlag geh\u00f6ren, wird Dich mein Sportverein sicherlich nicht entt\u00e4uschen. Sehenswert sind auch die Heller\u2019schen Solol\u00e4ufe, die gef\u00e4hrlichen Standards von Kempe und das ein oder andere reingew\u00fcrgte Tor von DSE.<\/p>\n<p><strong>STF &#8211; Sch\u00f6ntrinkfaktor<\/strong><br \/>\n<small>(von 1 &#8211; auch n\u00fcchtern zu ertragen bis 6 &#8211; nur nach 28 Pils zu ertragen)<\/small><\/p>\n<p>N\u00fcchtern per sempre!<\/p>\n<p>Vielen Dank f\u00fcr deine M\u00fche Christian!<\/p>\n<p>Der n\u00e4chste neue Verein in der Bundesliga. Leider sehe ich die Lilien nicht in der Lage sich in der Bundesliga zu halten.<br \/>\nAber ein Blick werde ich drauf werfen, Neues ist ja immer erst mal interessant.<br \/>\nGerade bei Vereinen wie Darmstadt finde ich es interessant zu sehen, wie mit dem &#8222;Abenteuer&#8220; Bundesliga mittlerweile umgegangen wird. In den 90ern wurden einfach massenhaft abgehalfterte Bundesligaprofis eingekauft um irgendwie drin zu bleiben. Um dann zu scheitern und nicht mal in der 2. Liga mehr Fu\u00df zu fassen. Ich glaube ja, da\u00df es da mittlerweile ein Umdenken gegeben hat.<\/p>\n<p>Ich bin aber sehr traurig, weil Hanno Behrens nicht mit in die Bundesliga gewechselt ist. Treue Leser wissen warum (Stichwort 18mal18).<\/p>\n<p><a href=\"http:\/\/www.nedsblog.de\/?p=7091\" target=\"_blank\">(eine \u00dcbersicht aller Beitr\u00e4ge findet ihr hier)<\/a><\/p>\n","protected":false},"excerpt":{"rendered":"<p>Wie einigen bekannt sein sollte, verfolge ich die Bundesliga zwar weiter, habe aber meinen Verein dort irgendwie verloren. Da ich aber weiter den Profifu\u00dfball verfolgen kann (mein Sky Abo ist nat\u00fcrlich zu sp\u00e4t gek\u00fcndigt worden, also kann ich weiter Live die Bundesliga schauen) wollte ich ein kleine Vorschau f\u00fcr mich machen. Nur kann ich weder [&hellip;]<\/p>\n","protected":false},"author":2,"featured_media":0,"comment_status":"open","ping_status":"open","sticky":false,"template":"","format":"standard","meta":{"footnotes":""},"categories":[620,23],"tags":[642,631,619,630,308],"class_list":["post-7134","post","type-post","status-publish","format-standard","hentry","category-5-fragen-an","category-bundesliga","tag-bundesliga","tag-exillilie","tag-saison-20152016","tag-sv-darmstadt-98","tag-vorschau"],"_links":{"self":[{"href":"http:\/\/www.nedsblog.de\/index.php?rest_route=\/wp\/v2\/posts\/7134","targetHints":{"allow":["GET"]}}],"collection":[{"href":"http:\/\/www.nedsblog.de\/index.php?rest_route=\/wp\/v2\/posts"}],"about":[{"href":"http:\/\/www.nedsblog.de\/index.php?rest_route=\/wp\/v2\/types\/post"}],"author":[{"embeddable":true,"href":"http:\/\/www.nedsblog.de\/index.php?rest_route=\/wp\/v2\/users\/2"}],"replies":[{"embeddable":true,"href":"http:\/\/www.nedsblog.de\/index.php?rest_route=%2Fwp%2Fv2%2Fcomments&post=7134"}],"version-history":[{"count":1,"href":"http:\/\/www.nedsblog.de\/index.php?rest_route=\/wp\/v2\/posts\/7134\/revisions"}],"predecessor-version":[{"id":7135,"href":"http:\/\/www.nedsblog.de\/index.php?rest_route=\/wp\/v2\/posts\/7134\/revisions\/7135"}],"wp:attachment":[{"href":"http:\/\/www.nedsblog.de\/index.php?rest_route=%2Fwp%2Fv2%2Fmedia&parent=7134"}],"wp:term":[{"taxonomy":"category","embeddable":true,"href":"http:\/\/www.nedsblog.de\/index.php?rest_route=%2Fwp%2Fv2%2Fcategories&post=7134"},{"taxonomy":"post_tag","embeddable":true,"href":"http:\/\/www.nedsblog.de\/index.php?rest_route=%2Fwp%2Fv2%2Ftags&post=7134"}],"curies":[{"name":"wp","href":"https:\/\/api.w.org\/{rel}","templated":true}]}}