{"id":7158,"date":"2015-08-12T07:00:42","date_gmt":"2015-08-12T06:00:42","guid":{"rendered":"http:\/\/www.nedsblog.de\/?p=7158"},"modified":"2015-08-13T13:19:25","modified_gmt":"2015-08-13T12:19:25","slug":"5-fragen-an-fsv-mainz-05","status":"publish","type":"post","link":"http:\/\/www.nedsblog.de\/?p=7158","title":{"rendered":"5 Fragen an: FSV Mainz 05"},"content":{"rendered":"<p>Wie einigen bekannt sein sollte, verfolge ich die Bundesliga zwar weiter, habe aber meinen Verein dort irgendwie verloren. Da ich aber weiter den Profifu\u00dfball verfolgen kann (mein Sky Abo ist nat\u00fcrlich zu sp\u00e4t gek\u00fcndigt worden, also kann ich weiter Live die Bundesliga schauen) wollte ich ein kleine Vorschau f\u00fcr mich machen. Nur kann ich weder im kicker noch in der 11 Freunde das finden, was ich gerne \u00fcber die Clubs in der Liga wissen will.<\/p>\n<p>Aber wof\u00fcr gibt es Twitter? <\/p>\n<p>Heute habe ich das Vergn\u00fcgen mit <a href=\"http:\/\/www.twitter.com\/Wortpiratin\" target=\"_blank\">@Wortpiratin<\/a> vom FSV Mainz 05.<\/p>\n<p><strong>Welcher Transfer war in diesem Sommer wichtig?<\/strong><\/p>\n<p>Was mir bei den Transfers f\u00fcr die kommende Saison tats\u00e4chlich noch wichtiger erscheint als die neuen Spieler selbst ist der Zeitpunkt, zu dem man sie geholt hat, oder eher: holen konnte. Durch den Abgang von Thomas Tuchel am Ende der vorvergangenen Saison ist Mainz 05 in der letzten Sommertransferperiode erst ungewohnt sp\u00e4t ins Wechselgesch\u00e4ft eingestiegen, als n\u00e4mlich mit Kasper Hjulmand auch der Trainer feststand. Gleichzeitig musste die Mannschaft mit beispielsweise Eric Maxim Choupo-Moting (Schalke 04) oder Nicolai M\u00fcller (Hamburger SV) Abg\u00e4nge verkraften, und somit letztlich noch reichlich unsortiert in die Europa League-Qualifikation starten. Das war insgesamt sicher keine optimale Situation. Noch dazu ging es eben mit einem neuen Trainer in die Saison, was in Mainz in den letzten 20 Jahren selten der Fall war, und auch wenn man in den viele Hoffnungen setzte, ist das ein Unsicherheitsfaktor. Aktuell wirkt auf mich hingegen vieles bereits unheimlich eingespielt und die Neuen f\u00fchlen sich am Ende der Vorbereitung fast schon an, als w\u00e4ren sie immer da gewesen.<br \/>\nUm aber nicht in bester Politikermanier eine Frage zu beantworten, die du gar nicht gestellt hast, und die eigentliche Frage zu ignorieren: Nat\u00fcrlich war mit dem Abgang von Johannes Geis (zu Schalke 04) klar, dass wir auf der 6er-Position etwas tun m\u00fcssen. Ich bin gespannt, wie Fabian Frei (kam vom FC Basel) und Julian Baumgartlinger da harmonieren werden. Eine prima Verst\u00e4rkung sehe ich auch in Leon Balogun (kam von Darmstadt 98), der in der Abwehr sehr flexibel ist und mir in den Testspielen bislang gut gefallen hat. Au\u00dferdem freue ich mich, dass Maxi Beister (kam vom HSV) bei uns gelandet ist, den ich direkt holen wollte, als die ersten Ger\u00fcchte aufkamen, er habe in Hamburg keine Zukunft. M\u00fcsste ich tippen, wen wir in einem Jahr als Transferknaller des Sommers 2015 hervorheben, w\u00fcrde ich auf Beister setzen.<\/p>\n<p><strong>Welchen Spieler sollte ich mir unbedingt anschauen?<\/strong><\/p>\n<p>Sp\u00e4testens nach der WM 2014 klingt dieser Satz zwar so richtig sch\u00f6n abgedroschen, aber es nutzt ja nichts: Der Star ist die Mannschaft. In einem Verein wie Mainz 05 ist das einfach die Realit\u00e4t, und wer etwas anderes erwartet, sollte seinen Weg anderswo gehen. Ich bin trotzdem besonders gespannt auf Yunus Malli. Bei ihm gab es Momente, in denen man Angst hatte, er bleibt sowas wie ein ewiges Wunderkind, dem der absolute Durchbruch aber so leicht tragisch nicht gelingt. In der letzten Saison hat er aus meiner Sicht einen enormen Sprung gemacht, es w\u00e4re ihm zu g\u00f6nnen \u2013 und toll f\u00fcr die Mannschaft \u2013, wenn er nun daran ankn\u00fcpfen kann.<\/p>\n<p><strong>Was kann dein Trainer, wie gut ist der wirklich?<\/strong><\/p>\n<p>Das ist eine hervorragende Frage, die ich aber nicht wirklich beantworten kann. Ich habe in der letzten Saison ja ein bisschen gebraucht, um den Wechsel von Hjulmand zu Schmidt f\u00fcr mich zu begreifen und abzuhaken. Inzwischen habe ich meinen Frieden damit geschlossen, weil ich denke, in einem kleinen Verein wie Mainz spielt die Harmonie eine wichtige Rolle \u2013 und die ist bei Martin Schmidt und Manager Christian Heidel so offensichtlich da, wie sie bei Kasper Hjulmand und Heidel eben fehlte. Insofern traue ich den beiden im Duo und nun mit diesem Team einiges zu. Es kann aber passieren, dass ich auch nach der Saison noch so meine Schwierigkeiten damit haben werde, zu beurteilen, wer dann welchen Anteil hatte an Erfolg oder Misserfolg. Letztlich ist das aber nicht entscheidend, viel wichtiger ist, dass nun wieder alle personellen R\u00e4der ineinander greifen, und den Eindruck habe ich.\n<\/p>\n<p><strong>Warum soll ich mir ausgerechnet\/unbedingt Spiele mit deinem Team anschauen?<\/strong><\/p>\n<p>Ich glaube, wenn sich nicht noch der halbe Kader s\u00e4mtliche Knochen bricht, sind die Chancen relativ gut, in Mainz diese Saison Fu\u00dfball zu sehen, der einfach Spa\u00df macht. Nat\u00fcrlich wird es auch ein paar Spiele mit mannschaftlichem Totalausfall geben und bestimmt werden in guter Tradition einige Punkte in Grottenkicks an Tabellenschlusslichter verschenkt. Aber wer Spa\u00df daran hat, wie ein Team verbissen und mit guter Einstellung Punkte erk\u00e4mpft, d\u00fcrfte in Mainz in den kommenden Monaten nicht v\u00f6llig fehl am Platz sein.<\/p>\n<p><strong>STF &#8211; Sch\u00f6ntrinkfaktor<\/strong><br \/>\n<small>(von 1 &#8211; auch n\u00fcchtern zu ertragen bis 6 &#8211; nur nach 28 Pils zu ertragen)<\/small><\/p>\n<p>Da bin ich mal optimistisch-euphorisch und sage locker: 2! Ich sage aber vorsichtshalber dazu, dass ich in der Vorbereitungszeit au\u00dferordentlich selten pessimistisch bin&#8230;<\/p>\n<p>Vielen Dank f\u00fcr deine M\u00fche Mara!<\/p>\n<p>(Ich glaube <a href=\"http:\/\/www.twitter.com\/quarkbaellchen\" target=\"_blank\">@quarkbaellchen<\/a> sollte hier besser aufh\u00f6ren zu lesen)<\/p>\n<p>Ich werde schon einige Spiele von Mainz dieses Jahr ansehen. Das hat aber einzig alleine mit Maxi Beister zu tun. Der Jung ist mir ans Herz gewachsen und ich werde genau schauen, wie er sich in Mainz entwickeln wird. Hoffentlich bekommt er die Chance, die er bei seinem alten Verein anscheinend nicht bekommen sollte. (Das meine ich ohne Vorwurf, ich wei\u00df nicht, was genau vorgefallen ist.)<\/p>\n<p>Ansonsten muss ich sagen, dass ich die Arbeit von Christian Heidel sehr bewundere. Jedes Jahr werden Spieler abgegeben und dennoch halten sie sich in der ersten Liga ohne Probleme. Das sieht bei anderen Clubs g\u00e4nzlich anders aus.<\/p>\n<p>Ich glaube dennoch, dass Mainz sich nicht mehr so viel weiter entwickeln wird. Daf\u00fcr fehlt dann tats\u00e4chlich das Geld. <\/p>\n<p><a href=\"http:\/\/www.nedsblog.de\/?p=7091\" target=\"_blank\">(eine \u00dcbersicht aller Beitr\u00e4ge findet ihr hier)<\/a><\/p>\n","protected":false},"excerpt":{"rendered":"<p>Wie einigen bekannt sein sollte, verfolge ich die Bundesliga zwar weiter, habe aber meinen Verein dort irgendwie verloren. Da ich aber weiter den Profifu\u00dfball verfolgen kann (mein Sky Abo ist nat\u00fcrlich zu sp\u00e4t gek\u00fcndigt worden, also kann ich weiter Live die Bundesliga schauen) wollte ich ein kleine Vorschau f\u00fcr mich machen. Nur kann ich weder [&hellip;]<\/p>\n","protected":false},"author":2,"featured_media":0,"comment_status":"open","ping_status":"open","sticky":false,"template":"","format":"standard","meta":{"footnotes":""},"categories":[620,23],"tags":[642,462,619,308,637],"class_list":["post-7158","post","type-post","status-publish","format-standard","hentry","category-5-fragen-an","category-bundesliga","tag-bundesliga","tag-fsv-mainz-05","tag-saison-20152016","tag-vorschau","tag-wortpiratin"],"_links":{"self":[{"href":"http:\/\/www.nedsblog.de\/index.php?rest_route=\/wp\/v2\/posts\/7158","targetHints":{"allow":["GET"]}}],"collection":[{"href":"http:\/\/www.nedsblog.de\/index.php?rest_route=\/wp\/v2\/posts"}],"about":[{"href":"http:\/\/www.nedsblog.de\/index.php?rest_route=\/wp\/v2\/types\/post"}],"author":[{"embeddable":true,"href":"http:\/\/www.nedsblog.de\/index.php?rest_route=\/wp\/v2\/users\/2"}],"replies":[{"embeddable":true,"href":"http:\/\/www.nedsblog.de\/index.php?rest_route=%2Fwp%2Fv2%2Fcomments&post=7158"}],"version-history":[{"count":2,"href":"http:\/\/www.nedsblog.de\/index.php?rest_route=\/wp\/v2\/posts\/7158\/revisions"}],"predecessor-version":[{"id":7169,"href":"http:\/\/www.nedsblog.de\/index.php?rest_route=\/wp\/v2\/posts\/7158\/revisions\/7169"}],"wp:attachment":[{"href":"http:\/\/www.nedsblog.de\/index.php?rest_route=%2Fwp%2Fv2%2Fmedia&parent=7158"}],"wp:term":[{"taxonomy":"category","embeddable":true,"href":"http:\/\/www.nedsblog.de\/index.php?rest_route=%2Fwp%2Fv2%2Fcategories&post=7158"},{"taxonomy":"post_tag","embeddable":true,"href":"http:\/\/www.nedsblog.de\/index.php?rest_route=%2Fwp%2Fv2%2Ftags&post=7158"}],"curies":[{"name":"wp","href":"https:\/\/api.w.org\/{rel}","templated":true}]}}