{"id":7161,"date":"2015-08-13T07:00:28","date_gmt":"2015-08-13T06:00:28","guid":{"rendered":"http:\/\/www.nedsblog.de\/?p=7161"},"modified":"2015-08-12T06:49:46","modified_gmt":"2015-08-12T05:49:46","slug":"5-fragen-an-den-vfb-stuttgart","status":"publish","type":"post","link":"http:\/\/www.nedsblog.de\/?p=7161","title":{"rendered":"5 Fragen an: den VfB Stuttgart"},"content":{"rendered":"<p>Wie einigen bekannt sein sollte, verfolge ich die Bundesliga zwar weiter, habe aber meinen Verein dort irgendwie verloren. Da ich aber weiter den Profifu\u00dfball verfolgen kann (mein Sky Abo ist nat\u00fcrlich zu sp\u00e4t gek\u00fcndigt worden, also kann ich weiter Live die Bundesliga schauen) wollte ich ein kleine Vorschau f\u00fcr mich machen. Nur kann ich weder im kicker noch in der 11 Freunde das finden, was ich gerne \u00fcber die Clubs in der Liga wissen will.<\/p>\n<p>Aber wof\u00fcr gibt es Twitter? <\/p>\n<p>Heute habe ich das Vergn\u00fcgen mit <a href=\"http:\/\/www.twitter.com\/heinzkamke\" target=\"_blank\">@heinzkamke<\/a> vom VfB Stuttgart<\/p>\n<p><strong>Welcher Transfer war in diesem Sommer wichtig?<\/strong><\/p>\n<p>Um mal ganz tief in die Schatzkiste der Originalit\u00e4t zu greifen: jeder einzelne. Das mag ein bisschen \u00fcbertrieben sein, stimmt aber der Spur nach durchaus. Nehmen wir zum Beispiel den Fall von Sven Ulreich. Er, der Fall, h\u00e4tte das Potenzial gehabt, eine Menge Unruhe zu bringen, wenn sich der ewige Sven, ein Kind der Region, dem Konkurrenzkampf mit einem Zugezogenen h\u00e4tte stellen m\u00fcssen und diesen am Ende wom\u00f6glich auch noch verloren h\u00e4tte &#8211; so dass zwar manch regelm\u00e4\u00dfiger Ulreichbeobachter der letzten Jahre nicht sonderlich \u00fcberrascht, manch eingefleischter Fan vermeintlicher junger Wilder aber komplett entsetzt gewesen w\u00e4re. Der erfolgte Transfer indes lie\u00df in erster Linie Gewinner zur\u00fcck: den VfB, wie eben beschrieben, Ulreich selbst, der es nicht nur in Stuttgart nicht ganz leicht gehabt h\u00e4tte, weiterhin als Nummer 1 in einem Bundesligator zu stehen und der nun zumindest die weichste Ersatzbank der Liga erwischt haben d\u00fcrfte, dann &#8211; ganz am Rande &#8211; mich, der ich mich k\u00fcnftig \u00fcber seine Unzul\u00e4nglichkeiten bei der fu\u00dfballerischen Grundausbildung nicht mehr zu \u00e4rgern brauche, und ob der FC Bayern M\u00fcnchen als Gewinner aus dem Transfer herausgeht, ist mir ehrlich gesagt ein bisschen egal.<\/p>\n<p>Die weiteren Transferaktivit\u00e4ten deuten zumindest darauf hin, dass sich die sportliche Leitung zentraler Baustellen des Kaders bewusst ist. Auf der linken Bahn hat man zwei Neue verpflichtet. Klappe, die x-te, k\u00f6nnte man sagen. Vielleicht ist ja diesmal ein Volltreffer dabei. Und innen scheint ja ein Nicht-Transfer, n\u00e4mlich der von Antonio R\u00fcdiger, die \u00e4rgsten sportlichen N\u00f6te zu lindern.<\/p>\n<p>\u00dcberhaupt lassen die (bis dato?) nicht get\u00e4tigten Transfers den einen oder anderen geneigten VfB-Anh\u00e4nger, auf jeden Fall aber mich, recht zuversichtlich auf die kommende Spielzeit schauen, insbesondere mit Blick auf die Offensive: beide &#8222;Zehner&#8220;, Didavi und Maxim, scheinen zun\u00e4chst an Bord zu bleiben, ebenso Martin Harnik, auch wenn es bei ihm, wie bei R\u00fcdiger oder auch Didavi, valide betriebswirtschaftliche Argumente f\u00fcr einen Verkauf g\u00e4be, und \u00fcberraschenderweise standen Transfers von Daniel Ginczek oder Filip Kosti\u0107 noch nicht einmal bei norwegischen Ger\u00fcchteschleudern auf der Agenda.<\/p>\n<p>Abschlie\u00dfend komme ich noch kurz, und werde der Frage des Hausherrn damit zugegebenerma\u00dfen nicht gerecht, zur vermutlich wichtigsten Personalie des Stuttgarter Transfersommers: dem Trainer. Wenn man den lokalen Medien, dem einen oder anderen Spieler, m\u00f6glicherweise einigen wenigen Eindr\u00fccken aus der Vorbereitung und nicht zuletzt Alexander Zorniger selbst Glauben schenkt, erwartet uns nicht weniger als eine fu\u00dfballerische Revolution. Oder so \u00e4hnlich. Man darf gespannt sein.<\/p>\n<p><strong>Welchen Spieler sollte ich mir unbedingt anschauen?<\/strong><\/p>\n<p>Eigentlich m\u00f6chte ich Timo Werner sagen. Leider deutet im Moment jedoch noch nicht so wahnsinnig viel darauf hin, dass er von Saisonbeginn an die Liga in der Art und Weise rockt, die wir \u00fcber kurz oder lang von ihm sehen werden. Hoffentlich dann noch mit Brustring. Womit wir bei einem zweiten jungen Mann w\u00e4ren, den Du Dir unbedingt anschauen solltest, der aber leider nicht zu einer guten Saison des VfB beitragen wird: Joshua Kimmich. Ich bin \u00fcberzeugt, dass er in M\u00fcnchen seine Eins\u00e4tze haben und uns alle begeistern wird, sobald wir die Vereinsbrille ablegen. Um aber die Frage im intendierten Sinn zu beantworten: Ginczek. Kosti\u0107. Didavi, ab der 60. Maxim. Und wenn ich mich auf einen festlegen muss: Ginczek. Herr L\u00f6w wird nicht lange an ihm vorbei k\u00f6nnen.<\/p>\n<p><strong>Was kann dein Trainer, wie gut ist der wirklich?<\/strong><\/p>\n<p>Meine Trainer hei\u00dfen Martin und Reinhard, sind l\u00e4ngst nicht mehr im Gesch\u00e4ft und haben mir in den 80ern ziemlich viel von dem beigebracht, was ich im Lauf der Jahre mehr oder weniger erfolgreich auf den Platz gebracht habe. Aber das willst Du gar nicht wissen. VfB-Trainer Alexander Zorniger wird, da bin ich mir recht sicher, polarisieren. An Selbstvertrauen mangelt es ihm nicht, am Wissen und K\u00f6nnen, so weit lehne ich mich dann schon aus dem Fenster, auch nicht. Wie jedoch die jeweiligen Gr\u00f6\u00dfenordnungen zueinander passen, wage ich noch nicht zu beurteilen. Offensichtlich hat er sehr klare Vorstellungen davon, wie seine Mannschaft spielen soll, und auch wenn ich mir noch nicht sicher bin, wie sehr mir dieser Stil zusagt, gef\u00e4llt mir der Gedanke, einen Trainer mit einem klaren Plan in der Verantwortung zu wissen. Wie dogmatisch er dabei vorgeht, werden wir sehen.<\/p>\n<p><strong>Warum soll ich mir ausgerechnet\/unbedingt Spiele mit deinem Team anschauen?<\/strong><\/p>\n<p>Wie gesagt: Zornigers Stil ist m\u00f6glicherweise nicht jedermanns Sache, man frage nur mal Armin Veh, der ja auch dem Hausherrn noch in bester Erinnerung ist; f\u00fcr ein gewisses Spektakel d\u00fcrfte indes in jedem Fall gesorgt sein &#8211; &#8222;Jagdszenen in &#8230;&#8220; klingt nach einer Schlagzeile, die ganz nach dem Geschmack des Trainers sein k\u00f6nnte. Ob sie auch dem bloggenden Fu\u00dfball\u00e4stheten des HFC Falke zusagt, vermag ich nat\u00fcrlich nicht zu beurteilen; zu &#8222;sollte man sich mal ansehen&#8220; lie\u00dfe ich mich aber hinrei\u00dfen.<\/p>\n<p><strong>STF &#8211; Sch\u00f6ntrinkfaktor<\/strong><br \/>\n<small>(von 1 &#8211; auch n\u00fcchtern zu ertragen bis 6 &#8211; nur nach 28 Pils zu ertragen)<\/small><\/p>\n<p>1. Spektakel, wie gesagt. Das auch nach hinten losgehen kann, klar, wenn man zum Beispiel gegen pressingresistente Kieler spielt,aber dem mehr oder weniger neutralen Zuseher wird das herzlich egal sein. Davon ab: ich habe mir noch nie ein Spiel sch\u00f6ngetrunken und werde in der kommenden, freudvollen VfB-Saison gewiss nicht damit anfangen.<\/p>\n<p>Vielen Dank f\u00fcr deine M\u00fche heinzkamke!<\/p>\n<p>Ja, der VfB. Tolle Trainerverpflichtung, Robin Dutt scheint es mit dem Umkrempeln ernst zu meinen und die Zukunft sieht ob der guten Jugendarbeit sehr gut aus.<br \/>\nAn Toni R\u00fcdiger kann ich mich nicht satt sehen. Den Jungen mochte ich von Anfang an, spielerisch erinnerte er mich an den jungen Jerome Boateng, vom Temparament her eh, ich hoffe er wird eine \u00e4hnliche Entwicklung wie Jerome nehmen. Der VfB ist mir in den Jahren nicht mehr so egal geworden wie fr\u00fcher, was an den tollen Menschen liegt, die ich um den Verein herum kennen lernen durfte. <\/p>\n<p>Weiterhin muss ich hier das Thema Ausgliederung ansprechen. Der VfB wird ausgliedern. Dieser Schritt ist unumg\u00e4nglich, wie er es beim HSV auch war. Ich hoffe einfach, dass es nicht so \u00fcber das Knie gebrochen wird, wie beim HSV.<br \/>\nAusgliederung ist per se nichts negatives. Auch wenn das aus meinen Fingern gerade sehr komisch klingt. Das Wie ist hier die Frage.<\/p>\n<p><a href=\"http:\/\/www.nedsblog.de\/?p=7091\" target=\"_blank\">(eine \u00dcbersicht aller Beitr\u00e4ge findet ihr hier)<\/a><\/p>\n","protected":false},"excerpt":{"rendered":"<p>Wie einigen bekannt sein sollte, verfolge ich die Bundesliga zwar weiter, habe aber meinen Verein dort irgendwie verloren. Da ich aber weiter den Profifu\u00dfball verfolgen kann (mein Sky Abo ist nat\u00fcrlich zu sp\u00e4t gek\u00fcndigt worden, also kann ich weiter Live die Bundesliga schauen) wollte ich ein kleine Vorschau f\u00fcr mich machen. Nur kann ich weder [&hellip;]<\/p>\n","protected":false},"author":2,"featured_media":0,"comment_status":"open","ping_status":"open","sticky":false,"template":"","format":"standard","meta":{"footnotes":""},"categories":[620,23],"tags":[642,109,619,90,308],"class_list":["post-7161","post","type-post","status-publish","format-standard","hentry","category-5-fragen-an","category-bundesliga","tag-bundesliga","tag-heinzkamke","tag-saison-20152016","tag-vfb-stuttgart","tag-vorschau"],"_links":{"self":[{"href":"http:\/\/www.nedsblog.de\/index.php?rest_route=\/wp\/v2\/posts\/7161","targetHints":{"allow":["GET"]}}],"collection":[{"href":"http:\/\/www.nedsblog.de\/index.php?rest_route=\/wp\/v2\/posts"}],"about":[{"href":"http:\/\/www.nedsblog.de\/index.php?rest_route=\/wp\/v2\/types\/post"}],"author":[{"embeddable":true,"href":"http:\/\/www.nedsblog.de\/index.php?rest_route=\/wp\/v2\/users\/2"}],"replies":[{"embeddable":true,"href":"http:\/\/www.nedsblog.de\/index.php?rest_route=%2Fwp%2Fv2%2Fcomments&post=7161"}],"version-history":[{"count":1,"href":"http:\/\/www.nedsblog.de\/index.php?rest_route=\/wp\/v2\/posts\/7161\/revisions"}],"predecessor-version":[{"id":7162,"href":"http:\/\/www.nedsblog.de\/index.php?rest_route=\/wp\/v2\/posts\/7161\/revisions\/7162"}],"wp:attachment":[{"href":"http:\/\/www.nedsblog.de\/index.php?rest_route=%2Fwp%2Fv2%2Fmedia&parent=7161"}],"wp:term":[{"taxonomy":"category","embeddable":true,"href":"http:\/\/www.nedsblog.de\/index.php?rest_route=%2Fwp%2Fv2%2Fcategories&post=7161"},{"taxonomy":"post_tag","embeddable":true,"href":"http:\/\/www.nedsblog.de\/index.php?rest_route=%2Fwp%2Fv2%2Ftags&post=7161"}],"curies":[{"name":"wp","href":"https:\/\/api.w.org\/{rel}","templated":true}]}}