{"id":7164,"date":"2015-08-14T07:00:24","date_gmt":"2015-08-14T06:00:24","guid":{"rendered":"http:\/\/www.nedsblog.de\/?p=7164"},"modified":"2015-08-13T07:03:35","modified_gmt":"2015-08-13T06:03:35","slug":"5-fragen-an-bayern-muenchen","status":"publish","type":"post","link":"http:\/\/www.nedsblog.de\/?p=7164","title":{"rendered":"5 Fragen an: Bayern M\u00fcnchen"},"content":{"rendered":"<p>Wie einigen bekannt sein sollte, verfolge ich die Bundesliga zwar weiter, habe aber meinen Verein dort irgendwie verloren. Da ich aber weiter den Profifu\u00dfball verfolgen kann (mein Sky Abo ist nat\u00fcrlich zu sp\u00e4t gek\u00fcndigt worden, also kann ich weiter Live die Bundesliga schauen) wollte ich ein kleine Vorschau f\u00fcr mich machen. Nur kann ich weder im kicker noch in der 11 Freunde das finden, was ich gerne \u00fcber die Clubs in der Liga wissen will.<\/p>\n<p>Aber wof\u00fcr gibt es Twitter? <\/p>\n<p>Heute habe ich das Vergn\u00fcgen mit <a href=\"http:\/\/www.twitter.com\/fehlpass\" target=\"_blank\">@fehlpass<\/a> vom FC Bayern M\u00fcnchen.<\/p>\n<p><strong>Welcher Transfer war in diesem Sommer wichtig?<\/strong><\/p>\n<p>Die beiden teuren Transfers nat\u00fcrlich: Douglas Costa und Arturo Vidal &#8211; und das nicht nur weil sie teuer sind, sondern Verbesserungen zum letztj\u00e4hrigen Kader darstellen.<\/p>\n<p>Costa, weil er auf beiden Fl\u00fcgeln eingesetzt werden kann und damit unser Problem, der immer \u00e4lter werdenden Fl\u00fcgelzange mit Ribery &#038; Robben abmildert. Costa hat einen tollen Antritt, geht gerne ins Dribbling (wenn auch f\u00fcr meinen Geschmack ab und an etwas zu kopflos) und das mit einer Beharrlichkeit, die die gegnerischen Abwehrreihen hoffentlich entnervt zur\u00fcck l\u00e4sst.<\/p>\n<p>Vidal, weil er mit seinen unz\u00e4hligen Eigenschaften &#8211; au\u00dfer Torh\u00fcter &#8211; nahezu alles auf dem Platz spielen kann. Sechser, Achter, Zehner. V\u00f6llig egal. Dabei bringt er eine Dynamik auf dem Platz, die ihresgleichen sucht. Dazu hat er auch die technischen F\u00e4higkeiten, das intensive und saubere Passspiel seiner neuen Mannschaft mitzutragen. Sein Pressingspiel und seine Tacklings machen ihn zur Allzweckwaffe und Hassfigur. <strike>Vielleicht merkt man ja, dass ich ihn schon seit seiner Zeit in Leverkusen gut finde (<a href=\"http:\/\/istvidalschonda.de\" target=\"_blank\">wenn nicht<\/a>)?<\/strike><\/p>\n<p><strong>Welchen Spieler sollte ich mir unbedingt anschauen?<\/strong><\/p>\n<p>Die oben genannten. Oder Holger Badstuber, wenn er wieder fit wird, denn mit ihm wird es um einiges wahrscheinlicher dass Guardiola \u00f6fter mit Dreierkette spielen l\u00e4sst. Und die w\u00fcrde ich in der n\u00e4chsten Saison gerne mehr sehen, da sie unsere Anf\u00e4lligkeit bei Kontern merklich verringern k\u00f6nnte. Dazu m\u00f6chte ich mehr unterschiedliche Formationen in der Bundesliga sehen. Als Guardiola-Fan ist man ja auch &#8222;Post-4-2-3-1&#8220;. Oder so.<\/p>\n<p><strong>Was kann dein Trainer, wie gut ist der wirklich?<\/strong><\/p>\n<p>Guardiola? Einer der besten Fu\u00dfballtrainer, weltweit. Er hat es nach der historischen Triple-Saison 2012\/2013 geschafft, das Spiel weiter zu verbessern. Dazu ist er ein Fu\u00dfballverr\u00fcckter, der auf technische und taktische Feinarbeit gro\u00dfen Wert legt.  Wenn das Positionsspiel im Ballbesitz ins rollen kommt, k\u00f6nnen wir jede Mannschaft ganz, ganz alt aussehen lassen &#8211; egal ob ausw\u00e4rts oder im eigenen Stadion.<\/p>\n<p>Was er nicht zu k\u00f6nnen scheint, ist seine Kontakte in Katar \u00f6ffentlich zu kritisieren. Helden k\u00f6nnen eben nicht auch noch Heilige sein. Wer h\u00e4tte das gedacht?<\/p>\n<p>Trotzdem ist es sehr schade, dass es seine letzte Saison mit dem FC Bayern sein wird. Fragt nicht warum. Bauchgef\u00fchl.<\/p>\n<p><strong>Warum soll ich mir ausgerechnet\/unbedingt Spiele mit deinem Team anschauen?<\/strong><\/p>\n<p>Damit du sehen kannst, wie die Sportmarke FCB gegen eine andere Sportmarke gewinnt? Nein? Dann:<\/p>\n<p>Weil wir a) entweder den Gegner herspielen, was dann als Zeichen gro\u00dfer Langeweile in der Liga gewertet werden wird oder b) unentschieden spielen (oder sogar verlieren), was dann am n\u00e4chsten Tag in allen Medien als Anzeichen einer Krise gewertet werden wird. Kein Wunder bei dem Anspruch jedes Spiel gewinnen zu m\u00fcssen.<br \/>\nDazu wird auch noch jedes mal nach dem Spiel (unabh\u00e4ngig vom Ergebnis) die Frage nach Guardiola und seinem auslaufenden Vertrag gestellt werden. Und das in allen m\u00f6glichen Varianten. Das wird ein Spa\u00df (nicht!)<\/p>\n<p><strong>STF &#8211; Sch\u00f6ntrinkfaktor<\/strong><br \/>\n<small>(von 1 &#8211; auch n\u00fcchtern zu ertragen bis 6 &#8211; nur nach 28 Pils zu ertragen)<\/small><\/p>\n<p>2 Augustiner gehen immer. Also 2. (F\u00fcr nicht Bayern sind das 3-4 Pils bzw. 16 K\u00f6lsch).<\/p>\n<p>Vielen Dank f\u00fcr deine M\u00fche Yalcin!<\/p>\n<p>Einspruch junger Mann!<br \/>\nMeiner Meinung nach ist Pep Guardiola noch nicht mal der beste Trainer der Bundesliga. Ich finde Markus Weinzierl zum Beipiel steht \u00fcber ihm. Der schafft es mit viel viel weniger Qualit\u00e4t so viel Output. Beim FCB Trainer zu sein ist gewiss nicht leicht und die Weiterentwicklung, die Yalcin angesprochen hat, sehe ich auch. Aber wer sich mal eben Vidal und Costa als Spieler kaufen kann sollte mir erstmal zeigen, dass er mit Werner und Altintop das gleiche erreicht wie Markus Weinzierl.<\/p>\n<p>Die Bayern werden nicht Meister werden, habe ich <a href=\"http:\/\/www.nedsblog.de\/?p=7058\" target=\"_blank\">geschrieben<\/a>. Und Yalcin hat meine Begr\u00fcndung sogar wiederholt: Die Diskussion um den Trainer wird in dieser Saison alles \u00fcberschatten, Ruhe wird es nicht geben.<\/p>\n<p>Aber was wei\u00df ich schon.<\/p>\n<p><a href=\"http:\/\/www.nedsblog.de\/?p=7091\" target=\"_blank\">(eine \u00dcbersicht aller Beitr\u00e4ge findet ihr hier)<\/a><\/p>\n","protected":false},"excerpt":{"rendered":"<p>Wie einigen bekannt sein sollte, verfolge ich die Bundesliga zwar weiter, habe aber meinen Verein dort irgendwie verloren. Da ich aber weiter den Profifu\u00dfball verfolgen kann (mein Sky Abo ist nat\u00fcrlich zu sp\u00e4t gek\u00fcndigt worden, also kann ich weiter Live die Bundesliga schauen) wollte ich ein kleine Vorschau f\u00fcr mich machen. Nur kann ich weder [&hellip;]<\/p>\n","protected":false},"author":2,"featured_media":0,"comment_status":"open","ping_status":"open","sticky":false,"template":"","format":"standard","meta":{"footnotes":""},"categories":[620,23],"tags":[642,55,638,619,308],"class_list":["post-7164","post","type-post","status-publish","format-standard","hentry","category-5-fragen-an","category-bundesliga","tag-bundesliga","tag-fc-bayern-munchen","tag-fehlpass","tag-saison-20152016","tag-vorschau"],"_links":{"self":[{"href":"http:\/\/www.nedsblog.de\/index.php?rest_route=\/wp\/v2\/posts\/7164","targetHints":{"allow":["GET"]}}],"collection":[{"href":"http:\/\/www.nedsblog.de\/index.php?rest_route=\/wp\/v2\/posts"}],"about":[{"href":"http:\/\/www.nedsblog.de\/index.php?rest_route=\/wp\/v2\/types\/post"}],"author":[{"embeddable":true,"href":"http:\/\/www.nedsblog.de\/index.php?rest_route=\/wp\/v2\/users\/2"}],"replies":[{"embeddable":true,"href":"http:\/\/www.nedsblog.de\/index.php?rest_route=%2Fwp%2Fv2%2Fcomments&post=7164"}],"version-history":[{"count":3,"href":"http:\/\/www.nedsblog.de\/index.php?rest_route=\/wp\/v2\/posts\/7164\/revisions"}],"predecessor-version":[{"id":7167,"href":"http:\/\/www.nedsblog.de\/index.php?rest_route=\/wp\/v2\/posts\/7164\/revisions\/7167"}],"wp:attachment":[{"href":"http:\/\/www.nedsblog.de\/index.php?rest_route=%2Fwp%2Fv2%2Fmedia&parent=7164"}],"wp:term":[{"taxonomy":"category","embeddable":true,"href":"http:\/\/www.nedsblog.de\/index.php?rest_route=%2Fwp%2Fv2%2Fcategories&post=7164"},{"taxonomy":"post_tag","embeddable":true,"href":"http:\/\/www.nedsblog.de\/index.php?rest_route=%2Fwp%2Fv2%2Ftags&post=7164"}],"curies":[{"name":"wp","href":"https:\/\/api.w.org\/{rel}","templated":true}]}}