{"id":7410,"date":"2016-12-21T22:19:49","date_gmt":"2016-12-21T21:19:49","guid":{"rendered":"http:\/\/www.nedsblog.de\/?p=7410"},"modified":"2016-12-21T22:19:49","modified_gmt":"2016-12-21T21:19:49","slug":"tagebuch-21-12-2016","status":"publish","type":"post","link":"http:\/\/www.nedsblog.de\/?p=7410","title":{"rendered":"Tagebuch, 21.12.2016"},"content":{"rendered":"<p>Heute Nacht, w\u00e4hrend ich ab 4 Uhr schlaflos im Bett rum lag, sind mir einige Gedanken durch den Kopf gegangen.<\/p>\n<p>Nach dem schrecklichem Vorfall\/Anschlag in Berlin gab es verschiedenste Reaktionen, die ich bei Twitter oder Facebook mitbekommen habe. Da war alles von Trauer bis Wut dabei. Ich habe mich eher erdr\u00fcckt und traurig gef\u00fchlt. Jeder verarbeitet sowas anders. Was mich aber kopfsch\u00fcttelnd zur\u00fcck l\u00e4sst sind Kommentare zu dem, wie reagiert wird. Pl\u00f6tzlich wird kritisiert, wie jemand trauert, sein Beileid bekundet oder sich einfach nur meldet, dass er in Sicherheit ist. Es will mir nicht in den Kopf, warum es jemand geben soll, der besser wei\u00df wie ich, du sie und er mit sowas umgeht. Warum kann man die Menschen nicht einfach so damit umgehen lassen, wie sie es selber f\u00fcr richtig halten? Das begreife ich nicht und es macht mich traurig, weil so meiner Meinung nach am Thema vorbei diskutiert wird.<\/p>\n<p>Der Aktionismus der Politik nach so einem Vorfall l\u00e4\u00dft mich auch ratlos zur\u00fcck.<br \/>\nIrgendwie sollen wir weniger Angst haben, wenn uns noch mehr Angst gemacht wird.<br \/>\nWie soll ich das denn der Juniorette erkl\u00e4ren?<\/p>\n<p>Schwierig.<br \/>\nWir haben dar\u00fcber heute nicht geredet, sie hat es nicht angesprochen. <\/p>\n<p>Ansonsten Abends noch eine Suppe gegessen. Suppe ist gut, w\u00e4rmt von innen. Und es ist wieder k\u00e4lter geworden, da ist W\u00e4rme gut.<\/p>\n<p>In diesen Sinne<\/p>\n","protected":false},"excerpt":{"rendered":"<p>Heute Nacht, w\u00e4hrend ich ab 4 Uhr schlaflos im Bett rum lag, sind mir einige Gedanken durch den Kopf gegangen. Nach dem schrecklichem Vorfall\/Anschlag in Berlin gab es verschiedenste Reaktionen, die ich bei Twitter oder Facebook mitbekommen habe. Da war alles von Trauer bis Wut dabei. Ich habe mich eher erdr\u00fcckt und traurig gef\u00fchlt. Jeder [&hellip;]<\/p>\n","protected":false},"author":2,"featured_media":0,"comment_status":"open","ping_status":"open","sticky":false,"template":"","format":"standard","meta":{"footnotes":""},"categories":[660],"tags":[701,662],"class_list":["post-7410","post","type-post","status-publish","format-standard","hentry","category-tagebuch","tag-21-12-2016","tag-tagebuch"],"_links":{"self":[{"href":"http:\/\/www.nedsblog.de\/index.php?rest_route=\/wp\/v2\/posts\/7410","targetHints":{"allow":["GET"]}}],"collection":[{"href":"http:\/\/www.nedsblog.de\/index.php?rest_route=\/wp\/v2\/posts"}],"about":[{"href":"http:\/\/www.nedsblog.de\/index.php?rest_route=\/wp\/v2\/types\/post"}],"author":[{"embeddable":true,"href":"http:\/\/www.nedsblog.de\/index.php?rest_route=\/wp\/v2\/users\/2"}],"replies":[{"embeddable":true,"href":"http:\/\/www.nedsblog.de\/index.php?rest_route=%2Fwp%2Fv2%2Fcomments&post=7410"}],"version-history":[{"count":2,"href":"http:\/\/www.nedsblog.de\/index.php?rest_route=\/wp\/v2\/posts\/7410\/revisions"}],"predecessor-version":[{"id":7412,"href":"http:\/\/www.nedsblog.de\/index.php?rest_route=\/wp\/v2\/posts\/7410\/revisions\/7412"}],"wp:attachment":[{"href":"http:\/\/www.nedsblog.de\/index.php?rest_route=%2Fwp%2Fv2%2Fmedia&parent=7410"}],"wp:term":[{"taxonomy":"category","embeddable":true,"href":"http:\/\/www.nedsblog.de\/index.php?rest_route=%2Fwp%2Fv2%2Fcategories&post=7410"},{"taxonomy":"post_tag","embeddable":true,"href":"http:\/\/www.nedsblog.de\/index.php?rest_route=%2Fwp%2Fv2%2Ftags&post=7410"}],"curies":[{"name":"wp","href":"https:\/\/api.w.org\/{rel}","templated":true}]}}