{"id":7981,"date":"2017-04-23T19:49:22","date_gmt":"2017-04-23T18:49:22","guid":{"rendered":"http:\/\/www.nedsblog.de\/?p=7981"},"modified":"2017-04-23T19:49:22","modified_gmt":"2017-04-23T18:49:22","slug":"tagebuch-23-04-2017","status":"publish","type":"post","link":"http:\/\/www.nedsblog.de\/?p=7981","title":{"rendered":"Tagebuch, 23.04.2017"},"content":{"rendered":"<p>Wer Hass s\u00e4en will hat das heute mal <a href=\"http:\/\/www.radiohamburg.fussifreunde.de\/mobile\/artikel\/vor-dem-spiel-st-pauli-ultras-attackieren-falke-fans\/\" target=\"_blank\">wieder geschafft<\/a>. Ich bin nur froh, dass der Besten nichts passiert ist. Ich war nicht dabei, bin dar\u00fcber nicht froh, weil ich ein 5:1 verpasst habe. Und ich wei\u00df nicht, wie ich reagiert h\u00e4tte, wenn ich vor Ort gewesen w\u00e4re. Gewalt ist nie mein Mittel gewesen und das sollte auch mit fast 43 so bleiben.<\/p>\n<p>Ansonsten habe ich den Tag vor gr\u00fcnen und leider auch roten Ampeln im SAP System verbracht. Go Live von Updates werden dann mit den Jahren immer komplexer. So habe ich also in dieser Woche keinen einzigen Tag gehabt, an dem ich mich ausruhen konnte.<\/p>\n<p>Schade.<\/p>\n<p>Vielleicht auch gut so. Wie die Beste so sch\u00f6n schrieb: Der Vergangenheits Florian haut dem Gegenwarts- und Zukunftsflorian gerade ordentlich eine rein. So richtig.<br \/>\nBin aber selber dran schuld, kann nur mir selber Vorw\u00fcrfe machen. Was ich nat\u00fcrlich auch tue, Tag und Nacht. Und das eigene Bild wird dadurch nicht gerade besser.<\/p>\n<p>Morgen geht es fr\u00fch hoch. Die restlichen Tage San Francisco hole ich hier bald nach.<br \/>\nAchja, da wartet noch ein Falke Podcast darauf geschnitten zu werden.<\/p>\n<p>Nunja, immerhin stehe ich morgens auf. Ich wei\u00df ja f\u00fcr wen.<\/p>\n<p>In diesem Sinne.<\/p>\n","protected":false},"excerpt":{"rendered":"<p>Wer Hass s\u00e4en will hat das heute mal wieder geschafft. Ich bin nur froh, dass der Besten nichts passiert ist. Ich war nicht dabei, bin dar\u00fcber nicht froh, weil ich ein 5:1 verpasst habe. Und ich wei\u00df nicht, wie ich reagiert h\u00e4tte, wenn ich vor Ort gewesen w\u00e4re. Gewalt ist nie mein Mittel gewesen und [&hellip;]<\/p>\n","protected":false},"author":2,"featured_media":0,"comment_status":"open","ping_status":"open","sticky":false,"template":"","format":"standard","meta":{"footnotes":""},"categories":[660],"tags":[841,662],"class_list":["post-7981","post","type-post","status-publish","format-standard","hentry","category-tagebuch","tag-23-04-2017","tag-tagebuch"],"_links":{"self":[{"href":"http:\/\/www.nedsblog.de\/index.php?rest_route=\/wp\/v2\/posts\/7981","targetHints":{"allow":["GET"]}}],"collection":[{"href":"http:\/\/www.nedsblog.de\/index.php?rest_route=\/wp\/v2\/posts"}],"about":[{"href":"http:\/\/www.nedsblog.de\/index.php?rest_route=\/wp\/v2\/types\/post"}],"author":[{"embeddable":true,"href":"http:\/\/www.nedsblog.de\/index.php?rest_route=\/wp\/v2\/users\/2"}],"replies":[{"embeddable":true,"href":"http:\/\/www.nedsblog.de\/index.php?rest_route=%2Fwp%2Fv2%2Fcomments&post=7981"}],"version-history":[{"count":1,"href":"http:\/\/www.nedsblog.de\/index.php?rest_route=\/wp\/v2\/posts\/7981\/revisions"}],"predecessor-version":[{"id":7982,"href":"http:\/\/www.nedsblog.de\/index.php?rest_route=\/wp\/v2\/posts\/7981\/revisions\/7982"}],"wp:attachment":[{"href":"http:\/\/www.nedsblog.de\/index.php?rest_route=%2Fwp%2Fv2%2Fmedia&parent=7981"}],"wp:term":[{"taxonomy":"category","embeddable":true,"href":"http:\/\/www.nedsblog.de\/index.php?rest_route=%2Fwp%2Fv2%2Fcategories&post=7981"},{"taxonomy":"post_tag","embeddable":true,"href":"http:\/\/www.nedsblog.de\/index.php?rest_route=%2Fwp%2Fv2%2Ftags&post=7981"}],"curies":[{"name":"wp","href":"https:\/\/api.w.org\/{rel}","templated":true}]}}