{"id":87,"date":"2009-06-09T14:45:17","date_gmt":"2009-06-09T12:45:17","guid":{"rendered":"http:\/\/www.nedsblog.de\/?p=87"},"modified":"2009-06-09T15:44:37","modified_gmt":"2009-06-09T13:44:37","slug":"dukaten-didi-trainer-bruno-und-der-kader-part-i","status":"publish","type":"post","link":"http:\/\/www.nedsblog.de\/?p=87","title":{"rendered":"Dukaten-Didi, Trainer Bruno und der Kader Part I"},"content":{"rendered":"<p>Der Trainer ist nun da. Die Spieler sind im Urlaub.<\/p>\n<p>Es k\u00f6nnte eine ruhige Zeit werden, wenn nicht der Transfermarkt offen w\u00e4re. Und wir nicht unwesentliche Baustellen in unserem Kader h\u00e4tten.<\/p>\n<p>Die Massenausleihe im Winter ist zum Gl\u00fcck zu Ende; wir haben niemanden einen neuen Vertrag gegeben. Bei einigen ist das schade (Gravgaard) bei anderen verst\u00e4ndlich (Streit). Lediglich Rincon&#8217;s Ausleihe dauert noch bis zum 31.12.2009 an.<\/p>\n<p>Was haben wir nun, was brauchen wir. <\/p>\n<p><strong>Torwart<\/strong> (sagt man das heute noch?)<br \/>\nFrank Rost, Alter 35, Vertrag bis 2010<br \/>\nUnsere Nummer Eins. Will seine Karriere bei uns beenden. Macht den Mund auf. Ist F\u00fchrungsspieler.<br \/>\nLeider waren seine Leistungen in der letzten Saison nicht immer, wie soll ich es sagen, unumstritten. Ein paar mal hatte ich das Gef\u00fchl, ein anderer h\u00e4tte den gehalten. Langsam verstehe ich, warum andere Spieler in der Nationalelf spielen und nicht unser Frank Rost. <\/p>\n<p>Wolfgang Hesl, 23, 2010<br \/>\nHabe ihn erst einmal spielen sehen. So 17 Minuten. Braucht Spielpraxis. Es gibt Ger\u00fcchte, da\u00df er verliehen werden wird.<\/p>\n<p><em>Wer geht, wer kommt?<\/em><br \/>\nDer derzeitig Dritte Raphael Wolf ist abl\u00f6sefrei nach \u00d6sterreich. Khalid Sinouh ist wieder ohne Verein. Zur\u00fcck aus Greuther F\u00fcrth kommt (Trommelwirbel) Sascha Kirchstein, der H.P. Bexter unter den Fu\u00dfballern. Bin mal gespannt, ob er ein Platz im Kader findet oder ein anderer Verein ihn haben will. (Bei Greuther F\u00fcrth steht er wohl nicht auf der Liste)<br \/>\nVerpflichtet haben wir den Torh\u00fcter der U19 Nationalmannschaft. Ist wohl was f\u00fcr die Zukunft. Oder haben wir vielleicht den neuen Ren\u00e9 Adler unter Vertrag genommen?<\/p>\n<p><em>Ausblick<\/em><br \/>\nF\u00fcr die Saison 09\/10 sollte der Platz im Tor klar sein. Aber was passiert danach? Meiner Meinung nach sollte man Hesl Spielpraxis geben. Entweder verleihen oder Rost macht mal \u00f6fter Platz im Tor. Bei dem Ehrgeiz von F\u00e4ustel ist das aber eher unwahrscheinlich. Eine Unbekannte ist Kirsche. Wenn Hesl verliehen wird, kann er ja auf die Bank. Aber macht er das mit?<\/p>\n<p><strong>Abwehr<\/strong><br \/>\nAlex Silva, 24, 2013<br \/>\nAls Innenverteidiger gekauft, von Jol aber schnell ins defensive Mittelfeld versetzt. Das gef\u00e4llt ihm nicht. Will \/ Wollte weg, weil er in der Nationalmannschaft als 6er keine Chance sieht. Er geh\u00f6rt uns nur zu 50%. Wahrscheinlich fehlt uns noch genau dieser Teil, der ihn in die selecao gebracht hat. Als IV kann ich ihn mir derzeit schwer vorstellen, die Leistungen waren nicht \u00fcberzeugend. <\/p>\n<p>Joris Mathijsen, 29, 2012<br \/>\nGesetzt als Innenverteidiger (Auch wenn Jol ihn gegen die schnellen Hoppenheimer auf links hat spielen lassen). Wenn nicht Jarolim der Kapit\u00e4n w\u00e4re, w\u00fcrde ich mir ihn w\u00fcnschen. Ist leider nicht der schnellste. Musste in der letzten Saison oft das Aufbauspiel \u00fcbernehmen, was mich im Stadion immer zur Wei\u00dfglut gebracht hat. Hoffe das \u00e4ndert sich. Ansonsten ein solider, guter und verl\u00e4sslicher Innenverteidiger. <\/p>\n<p>Jerome Boateng, 20, 2012<br \/>\nMann, der kann P\u00e4sse spielen. Auf den Mann. Allzu oft aber schleicht sich bei ihm aber der Schlendrian ein. Teilweise unn\u00f6tige Aktionen, aber das ist wohl seinem jungem Alter geschuldet. Spielt rechts, kann aber auch als Innenverteidiger eingesetzt werden. Wenn es geht, Vertrag fr\u00fchzeitig verl\u00e4ngern. Binden, halten, niemals abgeben.<\/p>\n<p>Guy Demel, 28, 2012<br \/>\nWie immer gemeckert vor der Saison, dass er wohl zu wenig Spielzeit bekommt. Am Ende hat er 40 Spiele gemacht. Ich bin froh, da\u00df wir ihn haben. Werde ihn n\u00e4chste Saison auch wieder in meinen Kicker Kader aufnehmen (Schande \u00fcber mich, dass ich es diese Saison nicht getan habe) Spielt rechts, innen, 6er. Ich glaube der kann alles! Halten! Nicht weggeben.<\/p>\n<p>Dennis Aogo, 21, 2012<br \/>\nEine der gro\u00dfen \u00dcberraschungen in der letzten Saison. Hat am Anfang nur gespielt, weil Atouba verletzt war und Jansen eher offensiv eingesetzt wurde.<br \/>\nNie mehr abgeben. Wird ein gro\u00dfer werden. Hoffentlich bei uns. Kann gerne auch \u00f6fter den 6er spielen, mit dem Kapit\u00e4n zusammen. Geh\u00f6rt die Zukunft und ist meiner Meinung nach schon heute nicht mehr aus dem Kader wegzudenken.<\/p>\n<p><em>Wer geht? Wer kommt?<\/em><br \/>\nBasti ist da am schmerzlichsten zu nennen. Er hat es selbst auf dem Volksparkett so erkl\u00e4rt, dass ich verstehe warum er geht: Sein Vertrag ist dotiert wie der eines dritten Verteidigers. Seit er aber diesen Vertrag hat, hat er vor seiner Verletzung genauso viele Spiele wie Joris gemacht. Da wollte er keinen neuen Vertrag als dritter (&#8218;unterbezahlter&#8216;) Mann unterschreiben und der HSV wollte nicht so viel Geld f\u00fcr einen mittelm\u00e4\u00dfigen, alten Innenverteidiger ausgeben. Schade, dass wir nicht so viel Geld haben, dann h\u00e4tte man es ihm einfach geben k\u00f6nnen. Ich werde ihn vermissen!<br \/>\nTimothy Atouba werde ich nicht vermissen. Herzinfarktgefahr bei jedem Ballbesitz, nein, auch ich werde \u00e4lter. Der Vertrag l\u00e4uft aus, eine Verl\u00e4ngerung ist aber wohl nicht zu erwarten. Wir kennen das dann ja. Wenn er zweimal die Grundlinie geradeaus hoch und runter gelaufen ist, will er gleich mehr Geld haben.<br \/>\nGraavgard war wohl zu teuer, Ndjeng hatte nicht \u00fcberzeugt.<br \/>\nZur\u00fcck aus der Ausleihe kommt Miroslav Stepanek, 19, 2011. Wurde nach Kapfernberg ausgeliehen. Mal sehen was wird, gilt als gro\u00dfes Talent.<\/p>\n<p><em>Ausblick<\/em><br \/>\nEs muss ein Innenverteidiger her und  Alex Silva sollte beigebracht werden, wie man auf dieser Position spielt. Wir brauchen drei gute Innenverteidiger um eine Saison zu \u00fcberstehen. Es gibt gr\u00f6\u00dfere Baustellen im Kader, aber ein solider Mann wird hier gebraucht.<br \/>\nAu\u00dfen sind wir gut besetzt. Da mache ich mir am wenigsten Sorgen im Kader. <\/p>\n<p>Fortsetzung folgt im Part II&#8230;<\/p>\n","protected":false},"excerpt":{"rendered":"<p>Der Trainer ist nun da. Die Spieler sind im Urlaub.<\/p>\n<p>Es k\u00f6nnte eine ruhige Zeit werden, wenn nicht der Transfermarkt offen w\u00e4re. Und wir nicht unwesentliche Baustellen in unserem Kader h\u00e4tten.<\/p>\n","protected":false},"author":2,"featured_media":0,"comment_status":"open","ping_status":"open","sticky":false,"template":"","format":"standard","meta":{"footnotes":""},"categories":[4],"tags":[639,10,14],"class_list":["post-87","post","type-post","status-publish","format-standard","hentry","category-hsv","tag-hsv","tag-kader","tag-saison-20092010"],"_links":{"self":[{"href":"http:\/\/www.nedsblog.de\/index.php?rest_route=\/wp\/v2\/posts\/87","targetHints":{"allow":["GET"]}}],"collection":[{"href":"http:\/\/www.nedsblog.de\/index.php?rest_route=\/wp\/v2\/posts"}],"about":[{"href":"http:\/\/www.nedsblog.de\/index.php?rest_route=\/wp\/v2\/types\/post"}],"author":[{"embeddable":true,"href":"http:\/\/www.nedsblog.de\/index.php?rest_route=\/wp\/v2\/users\/2"}],"replies":[{"embeddable":true,"href":"http:\/\/www.nedsblog.de\/index.php?rest_route=%2Fwp%2Fv2%2Fcomments&post=87"}],"version-history":[{"count":25,"href":"http:\/\/www.nedsblog.de\/index.php?rest_route=\/wp\/v2\/posts\/87\/revisions"}],"predecessor-version":[{"id":120,"href":"http:\/\/www.nedsblog.de\/index.php?rest_route=\/wp\/v2\/posts\/87\/revisions\/120"}],"wp:attachment":[{"href":"http:\/\/www.nedsblog.de\/index.php?rest_route=%2Fwp%2Fv2%2Fmedia&parent=87"}],"wp:term":[{"taxonomy":"category","embeddable":true,"href":"http:\/\/www.nedsblog.de\/index.php?rest_route=%2Fwp%2Fv2%2Fcategories&post=87"},{"taxonomy":"post_tag","embeddable":true,"href":"http:\/\/www.nedsblog.de\/index.php?rest_route=%2Fwp%2Fv2%2Ftags&post=87"}],"curies":[{"name":"wp","href":"https:\/\/api.w.org\/{rel}","templated":true}]}}