{"id":8968,"date":"2019-12-30T17:08:20","date_gmt":"2019-12-30T16:08:20","guid":{"rendered":"http:\/\/www.nedsblog.de\/?p=8968"},"modified":"2019-12-31T13:37:26","modified_gmt":"2019-12-31T12:37:26","slug":"2019","status":"publish","type":"post","link":"http:\/\/www.nedsblog.de\/?p=8968","title":{"rendered":"2019"},"content":{"rendered":"<p>Am 31.12.2019 ist dies mein erster und auch letzter Beitrag in 2019. Ich kann euch auch genau erkl\u00e4ren, warum das Bloggen nicht mehr zu meinem Alltag geh\u00f6rt: Es ist zu viel Aufwand neben Familie, Arbeit und Falke. Abends ist nicht mehr Zeit f\u00fcr das Schreiben. Es dauert immer sehr lange, bis ein Beitrag fertig ist, da ich nicht so gekonnt im Aufschreiben und Formulieren von Dingen bin.<\/p>\n<p>Dennoch ist heute ein wenig Zeit, um auf das Jahr zur\u00fcck zu blicken. <\/p>\n<p>Die Juniorette ist \u00e4lter und jugendlicher geworden. Ich glaube, dass das Kind sein jetzt vorbei ist und als n\u00e4chstes die Teenager Jahre anstehen. Bin sehr gespannt, was auf mich zu kommen wird. Ich hoffe, sie ist nur halb so anstrengend, wie ich es war. Dar\u00fcber hinaus mache ich mir t\u00e4glich Gedanken, ob ich ein guter Vater bin. Das ist aber glaube ich normal, weil ich das alles zum ersten Mal machen.<\/p>\n<p>Meine Hochzeit im Mai war der Hammer. So viele tolle Menschen haben diesen Tag mit uns gemeinsam verbracht. Leider habe ich am Ende aus falscher Loyalit\u00e4t einen Fehler gemacht. Ich hoffe, dieser ist bald verziehen.<\/p>\n<p>Der Verein meines Herzens hat mir sehr viel Kraft genommen, viele Aufgaben, neue und alte, kamen auf mich zu. Es war kr\u00e4fte raubend, das k\u00f6nnt ihr mir glauben. Aber ich habe daraus gelernt. Es gibt Menschen, auf die ich mich verlassen kann. Die Schwierigkeiten und Aufgaben waren eine gute Lektion f\u00fcr die weiteren Jahre. Es lie\u00df mich zwischendurch zweifeln, ich war sogar kurz davor alles aufzugeben. Aber der HFC Falke ist eben mehr als eine Aufgabe f\u00fcr mich. Es ist mehr als Fu\u00dfball. Es sind so viele Menschen, so viele tolle Menschen. Mitmachen, Mitwirken und Mitgestalten ist auch in 2019 wichtig f\u00fcr mich. und das wird es auch 2029 noch sein. Es gibt f\u00fcr mich keine Alternative. Es gibt kein zur\u00fcck, es geht nur nach vorne.<\/p>\n<p>Mehr war gar nicht. Kein Urlaub den ich verbracht habe, keine Reisen, die besonders waren. Alltag eben. <\/p>\n<p>Es gibt Dinge, die sind besser geworden. Der Vergangenheits-Florian hat mich im Griff gehabt, aber es sind alle Dinge auf den Weg gebracht worden. Die Beste wird immer besser (weil sie ab und an mal auf mich h\u00f6rt *g*), die Tochter immer gr\u00f6\u00dfer. Die Arbeit l\u00e4uft prima, viele Aufgaben, viel Arbeit aber immer alles gut. <\/p>\n<p>Es gibt Dinge, die sind anders als 2018. Ich habe meine Oma nicht mehr um die Ecke. Seit sie im Altersheim ist, habe ich sie nicht einmal kontaktiert. Das f\u00fchlt sich f\u00fcr mich schlecht an, ich schaffe es aber nicht, mich zu \u00fcberwinden. <\/p>\n<p>Es gibt Dinge, die sind schlechter geworden. Meine Familie kommt zu kurz. Ich melde mich nicht bei meiner Mutter oder meinem Bruder. Das ist schlimm. Ich k\u00fcmmere mich nicht um mich. Sport kommt zu kurz, mein R\u00fccken wird dadurch nicht besser. Aber ich mag mich halt immer noch nicht mehr als fr\u00fcher, daher stelle ich das immer zur\u00fcck. Ich rede selten bis eher gar nicht \u00fcber den Tod meines Papas mit irgendwem. Meine Frau merkt das nat\u00fcrlich, fragt aber nicht nach, weil ich dann eh abblocke. Mal sehen, wann das alles besser wird.<\/p>\n<p>Dann noch etwas, was ich lieber hier schreibe, weil Twitter ein Kurzmeldungsdienst ist: Seit wann denken die Menschen auf Twitter eigentlich, dass es relevant ist, was dort geschrieben wird? Es ist so anstrengend geworden, dass ich immer weniger selber schreibe und h\u00e4ufig nur einmal am Tag rein schaue. Was ist da passiert?<\/p>\n<p>Was bringt 2020?<br \/>\nDie Juniorette wird 13, Wahnsinn.<br \/>\nWir werden unsere Hochzeitsreise antreten.<br \/>\nBei Falke wird es ein interessantes Jahr werden. Zum Beispiel stehen die Wahlen zum Pr\u00e4sidium an.<br \/>\nIm Job wird es weiterhin anstrengend sein. Es gibt viele \u00c4nderungen.<\/p>\n<p>Kommt gut r\u00fcber und verbringt Zeit mit tollen Menschen. <\/p>\n<p>In diesem Sinne.<\/p>\n","protected":false},"excerpt":{"rendered":"<p>Am 31.12.2019 ist dies mein erster und auch letzter Beitrag in 2019. Ich kann euch auch genau erkl\u00e4ren, warum das Bloggen nicht mehr zu meinem Alltag geh\u00f6rt: Es ist zu viel Aufwand neben Familie, Arbeit und Falke. Abends ist nicht mehr Zeit f\u00fcr das Schreiben. Es dauert immer sehr lange, bis ein Beitrag fertig ist, [&hellip;]<\/p>\n","protected":false},"author":2,"featured_media":0,"comment_status":"open","ping_status":"open","sticky":false,"template":"","format":"standard","meta":{"footnotes":""},"categories":[660],"tags":[1197,114],"class_list":["post-8968","post","type-post","status-publish","format-standard","hentry","category-tagebuch","tag-1197","tag-ruckblick"],"_links":{"self":[{"href":"http:\/\/www.nedsblog.de\/index.php?rest_route=\/wp\/v2\/posts\/8968","targetHints":{"allow":["GET"]}}],"collection":[{"href":"http:\/\/www.nedsblog.de\/index.php?rest_route=\/wp\/v2\/posts"}],"about":[{"href":"http:\/\/www.nedsblog.de\/index.php?rest_route=\/wp\/v2\/types\/post"}],"author":[{"embeddable":true,"href":"http:\/\/www.nedsblog.de\/index.php?rest_route=\/wp\/v2\/users\/2"}],"replies":[{"embeddable":true,"href":"http:\/\/www.nedsblog.de\/index.php?rest_route=%2Fwp%2Fv2%2Fcomments&post=8968"}],"version-history":[{"count":6,"href":"http:\/\/www.nedsblog.de\/index.php?rest_route=\/wp\/v2\/posts\/8968\/revisions"}],"predecessor-version":[{"id":8975,"href":"http:\/\/www.nedsblog.de\/index.php?rest_route=\/wp\/v2\/posts\/8968\/revisions\/8975"}],"wp:attachment":[{"href":"http:\/\/www.nedsblog.de\/index.php?rest_route=%2Fwp%2Fv2%2Fmedia&parent=8968"}],"wp:term":[{"taxonomy":"category","embeddable":true,"href":"http:\/\/www.nedsblog.de\/index.php?rest_route=%2Fwp%2Fv2%2Fcategories&post=8968"},{"taxonomy":"post_tag","embeddable":true,"href":"http:\/\/www.nedsblog.de\/index.php?rest_route=%2Fwp%2Fv2%2Ftags&post=8968"}],"curies":[{"name":"wp","href":"https:\/\/api.w.org\/{rel}","templated":true}]}}